{"id":906,"date":"2024-11-07T11:27:35","date_gmt":"2024-11-07T11:27:35","guid":{"rendered":"https:\/\/paskutinenaujiena.lt\/index.php\/2024\/11\/07\/festivalyje-konkurse-dainioukem-zemaiteska-sulaukta-daugiau-nei-200-dalyviu\/"},"modified":"2024-11-07T11:27:35","modified_gmt":"2024-11-07T11:27:35","slug":"festivalyje-konkurse-dainioukem-zemaiteska-sulaukta-daugiau-nei-200-dalyviu","status":"publish","type":"post","link":"https:\/\/paskutinenaujiena.lt\/index.php\/2024\/11\/07\/festivalyje-konkurse-dainioukem-zemaiteska-sulaukta-daugiau-nei-200-dalyviu\/","title":{"rendered":"Festivalyje-konkurse \u201eDainioukem \u017eemait\u0117\u0161k\u0101\u201c sulaukta daugiau nei 200 dalyvi\u0173!"},"content":{"rendered":"<p> <br \/>\n<\/p>\n<p><\/p>\n<p>Spalio 26 d., \u0161e\u0161tadien\u012f, \u012f kunigaik\u0161\u010di\u0173 Oginski\u0173 r\u016bm\u0173 \u017eirgyn\u0105 rinkosi \u017eemai\u010di\u0173 kalbos ir dainos gerb\u0117jai \u2013 \u010dia vyko Plung\u0117s Mykolo Oginskio meno mokyklos suorganizuotas \u017eemaiti\u0161kos dainos festivalis-konkursas<\/p>\n<blockquote>\n<p>\u201eDainioukem \u017eemait\u0117\u0161k\u0101\u201c. \u201e\u0116 \u0161\u0117nd\u0117in \u010de, Plungie, suskombies pat\u0117s gra\u017eiaus\u0117s \u017eemait\u0117\u0161kas dain\u0117s, katras mums padainious \u0117 ma\u017e\u0117, \u0117 jau prakot\u0117, \u0117 jau paug\u0117n daininink\u0101, katr\u0117j sova\u017eiava \u0117\u0161 v\u0117suos \u017demait\u0117j\u0117s! \u0116 ne tik \u0117\u0161 \u017demait\u0117j\u0117s, vo \u0117\u0161 v\u0117suos Lietuvuos! Net \u0117\u0161 V\u0117sag\u0117na mergelkas atva\u017eiava padainiout\u0117 \u017eemait\u0117\u0161k\u0101!\u201c \u2013 sak\u0117 renginio ved\u0117jai Akvil\u0117 ir Emilijus.<\/p>\n<\/blockquote>\n<p>Ved\u0117jai publikai papasakojo ir \u0161io festivalio-konkurso, organizuojamo jau nuo 2003 met\u0173, atsiradimo istorij\u0105. Pasirodo, festivalio id\u0117ja gim\u0117 Skuode. Jo sumanytoja \u2013 muzikos mokytoja ekspert\u0117, \u017eemaiti\u0161k\u0173 dain\u0173 k\u016br\u0117ja Jolanta Rai\u0161utien\u0117, o \u201ekrik\u0161tat\u0117viai\u201c \u2013 \u017eym\u016bs atlik\u0117jai \u017dilvinas \u017dvagulis ir \u010ceslovas Gabalis. Pirmuosius keturis kartus \u201eDainioukem \u017eemait\u0117\u0161k\u0101\u201c vyko Skuode, penktasis \u2013 Klaip\u0117dos \u017evej\u0173 kult\u016bros r\u016bmuose, j\u012f filmavo LRT televizija.<\/p>\n<figure style=\"width: 1280px\" class=\"wp-caption aligncenter\"><img decoding=\"async\" loading=\"lazy\" src=\"https:\/\/www.plunge.lt\/wp-content\/uploads\/2024\/11\/DSC_0788_x.jpg\" alt=\"Vincentas, El\u017ebieta ir Veronika\" width=\"1280\" height=\"856\" data-id=\"101135\" \/><figcaption class=\"wp-caption-text\">\u0160eimyni\u0161kiausias ansamblis \u2013 Vincentas, El\u017ebieta ir Veronika<\/figcaption><\/figure>\n<p>\u0160\u012fkart \u2013 Plung\u0117je. O taip nutiko d\u0117l to, kad i\u0161 Skuodo \u012f Plung\u0119 atvyko \u0161io konkurso sumanytoja mokytoja Jolanta Rai\u0161utien\u0117, dabar dirbanti Plung\u0117s Mykolo Oginskio meno mokykloje ir \u201eSaul\u0117s\u201c gimnazijoje. Ji ir pasi\u016bl\u0117 meno mokyklos kolektyvui rengin\u012f organizuoti Plung\u0117je.<\/p>\n<p>\u012e festival\u012f-konkurs\u0105 suva\u017eiavo net 178 dalyviai ir 29\u00a0 j\u0173 mokytojai. Taigi i\u0161 viso \u2013 daugiau nei 200. Solistai var\u017e\u0117si i\u0161 ryto, ansambliai \u2013 po piet\u0173.<\/p>\n<figure style=\"width: 1280px\" class=\"wp-caption aligncenter\"><img decoding=\"async\" loading=\"lazy\" src=\"https:\/\/www.plunge.lt\/wp-content\/uploads\/2024\/11\/DSC_0747_x.jpg\" alt=\"Meras Audrius Kli\u0161onis pad\u0117kojo festivalio sumanytojai Jolantai Rai\u0161utienei\" width=\"1280\" height=\"856\" data-id=\"101134\" \/><figcaption class=\"wp-caption-text\">Meras Audrius Kli\u0161onis pad\u0117kojo festivalio sumanytojai Jolantai Rai\u0161utienei<\/figcaption><\/figure>\n<p>Ryte solistus pasveikino Savivaldyb\u0117s administracijos \u0160vietimo ir sporto skyriaus ved\u0117jas Gintautas Rimeikis, po piet\u0173, kai pasirod\u0117 kolektyvai, \u012f dalyvius ir j\u0173 pedagogus kreip\u0117si Plung\u0117s rajono savivaldyb\u0117s meras<\/p>\n<blockquote>\n<p>Audrius Kli\u0161onis: \u201eVa\u017eiuodamas link Oginskio r\u016bm\u0173, buvau maloniai nustebintas, pamat\u0119s piln\u0105 aik\u0161tel\u0119 automobili\u0173. Tai rei\u0161kia, kad tos \u017eemaiti\u0161kos dainos visiems mums reikia. Manau, malonu ne tik man, bet ir organizatoriams, matantiems, kad j\u0173 pastangos yra vertinamos, kad turi tiek daug bendramin\u010di\u0173. A\u010di\u016b visiems dalyviams, o labiausiai \u2013 ne tik \u017eemaiti\u0161k\u0105 dain\u0105, bet ir \u017eemaiti\u0161k\u0105 dvasi\u0105 skiepijan\u010diai mokytojai Jolantai.\u201c<\/p>\n<\/blockquote>\n<div id=\"ez-toc-container\" class=\"ez-toc-v2_0_82_2 counter-hierarchy ez-toc-counter ez-toc-grey ez-toc-container-direction\">\n<div class=\"ez-toc-title-container\">\n<p class=\"ez-toc-title\" style=\"cursor:inherit\">Turinys:<\/p>\n<span class=\"ez-toc-title-toggle\"><a href=\"#\" class=\"ez-toc-pull-right ez-toc-btn ez-toc-btn-xs ez-toc-btn-default ez-toc-toggle\" aria-label=\"Toggle Table of Content\"><span class=\"ez-toc-js-icon-con\"><span class=\"\"><span class=\"eztoc-hide\" style=\"display:none;\">Toggle<\/span><span class=\"ez-toc-icon-toggle-span\"><svg style=\"fill: #999;color:#999\" xmlns=\"http:\/\/www.w3.org\/2000\/svg\" class=\"list-377408\" width=\"20px\" height=\"20px\" viewBox=\"0 0 24 24\" fill=\"none\"><path d=\"M6 6H4v2h2V6zm14 0H8v2h12V6zM4 11h2v2H4v-2zm16 0H8v2h12v-2zM4 16h2v2H4v-2zm16 0H8v2h12v-2z\" fill=\"currentColor\"><\/path><\/svg><svg style=\"fill: #999;color:#999\" class=\"arrow-unsorted-368013\" xmlns=\"http:\/\/www.w3.org\/2000\/svg\" width=\"10px\" height=\"10px\" viewBox=\"0 0 24 24\" version=\"1.2\" baseProfile=\"tiny\"><path d=\"M18.2 9.3l-6.2-6.3-6.2 6.3c-.2.2-.3.4-.3.7s.1.5.3.7c.2.2.4.3.7.3h11c.3 0 .5-.1.7-.3.2-.2.3-.5.3-.7s-.1-.5-.3-.7zM5.8 14.7l6.2 6.3 6.2-6.3c.2-.2.3-.5.3-.7s-.1-.5-.3-.7c-.2-.2-.4-.3-.7-.3h-11c-.3 0-.5.1-.7.3-.2.2-.3.5-.3.7s.1.5.3.7z\"\/><\/svg><\/span><\/span><\/span><\/a><\/span><\/div>\n<nav><ul class='ez-toc-list ez-toc-list-level-1 ' ><li class='ez-toc-page-1 ez-toc-heading-level-2'><a class=\"ez-toc-link ez-toc-heading-1\" href=\"https:\/\/paskutinenaujiena.lt\/index.php\/2024\/11\/07\/festivalyje-konkurse-dainioukem-zemaiteska-sulaukta-daugiau-nei-200-dalyviu\/#Kas_vertino_Festivalio-konkurso_dalyvius\" >Kas vertino Festivalio-konkurso dalyvius?<\/a><\/li><li class='ez-toc-page-1 ez-toc-heading-level-2'><a class=\"ez-toc-link ez-toc-heading-2\" href=\"https:\/\/paskutinenaujiena.lt\/index.php\/2024\/11\/07\/festivalyje-konkurse-dainioukem-zemaiteska-sulaukta-daugiau-nei-200-dalyviu\/#Ar_plungiskiai_atlikejai_laimejo_ir_daugiau_prizu\" >Ar plungi\u0161kiai atlik\u0117jai laim\u0117jo ir daugiau priz\u0173?<\/a><\/li><li class='ez-toc-page-1 ez-toc-heading-level-2'><a class=\"ez-toc-link ez-toc-heading-3\" href=\"https:\/\/paskutinenaujiena.lt\/index.php\/2024\/11\/07\/festivalyje-konkurse-dainioukem-zemaiteska-sulaukta-daugiau-nei-200-dalyviu\/#Kas_iskovojo_laureatu_diplomus_ir_1-asias_vietas\" >Kas i\u0161kovojo laureat\u0173 diplomus ir 1-\u0105sias vietas?<\/a><\/li><li class='ez-toc-page-1 ez-toc-heading-level-2'><a class=\"ez-toc-link ez-toc-heading-4\" href=\"https:\/\/paskutinenaujiena.lt\/index.php\/2024\/11\/07\/festivalyje-konkurse-dainioukem-zemaiteska-sulaukta-daugiau-nei-200-dalyviu\/#Kas_iskovojo_laureatu_diplomus_ir_2-asias_vietas\" >Kas i\u0161kovojo laureat\u0173 diplomus ir 2-\u0105sias vietas?<\/a><\/li><li class='ez-toc-page-1 ez-toc-heading-level-2'><a class=\"ez-toc-link ez-toc-heading-5\" href=\"https:\/\/paskutinenaujiena.lt\/index.php\/2024\/11\/07\/festivalyje-konkurse-dainioukem-zemaiteska-sulaukta-daugiau-nei-200-dalyviu\/#Kas_iskovojo_laureatu_diplomus_ir_3-asias_vietas\" >Kas i\u0161kovojo laureat\u0173 diplomus ir 3-\u0105sias vietas?<\/a><\/li><\/ul><\/nav><\/div>\n<h2 id='kas-vertino-festivalio-konkurso-dalyvius'><span class=\"ez-toc-section\" id=\"Kas_vertino_Festivalio-konkurso_dalyvius\"><\/span>Kas vertino Festivalio-konkurso dalyvius?<span class=\"ez-toc-section-end\"><\/span><\/h2>\n<ul>\n<li>\u0160iauli\u0173 universiteto gimnazijos muzikos mokytoja ekspert\u0117,<\/li>\n<li>socialini\u0173 moksl\u0173 daktar\u0117, grup\u0117s \u201eKitava\u201c lyder\u0117,<\/li>\n<li>muzikos k\u016br\u0117ja Rasa Sto\u0161kuvien\u0117,<\/li>\n<li>Klaip\u0117dos Jeronimo Ka\u010dinskio muzikos mokyklos ir Eduardo Balsio men\u0173 gimnazijos muzikos mokytoja ekspert\u0117, chorinio dainavimo, d\u017eiazo ir populiariojo vokalo pedagog\u0117 Erlanda Tverijonien\u0117,<\/li>\n<li>i\u0161 Plung\u0117s kilusi Kelm\u0117s ma\u017eojo teatro aktor\u0117, kompozitor\u0117, \u017eemaiti\u0161k\u0173 dain\u0173 autor\u0117 Aust\u0117ja Gendvilait\u0117,<\/li>\n<li>Mykolo Oginskio meno mokyklos direktor\u0117, dainavimo mokytoja metodinink\u0117, berniuk\u0173 ir jaunuoli\u0173 choro vadov\u0117 Rita Urnie\u017eien\u0117,<\/li>\n<li>Mykolo Oginskio meno mokyklos direktor\u0117s pavaduotoja ugdymui, Plung\u0117s kult\u016bros centro folkloro ansamblio \u201eGondinga\u201c vadov\u0117 Dalia Stasik\u0117lien\u0117.<\/li>\n<\/ul>\n<p>Konkurse skamb\u0117jo pa\u010dios \u012fvairiausios \u017eemaiti\u0161kos dainos \u2013 nuo liaudi\u0161k\u0173 iki savos k\u016brybos. Net 17 dain\u0173 autor\u0117 \u2013 Jolanta Rai\u0161utien\u0117.<\/p>\n<figure style=\"width: 1280px\" class=\"wp-caption aligncenter\"><img decoding=\"async\" loading=\"lazy\" src=\"https:\/\/www.plunge.lt\/wp-content\/uploads\/2024\/11\/DSC_0792_x.jpg\" alt=\"Pagrindinio prizo laim\u0117tojai Agn\u0117 ir Arentas su mokytoja Jurgita Arlauskiene\" width=\"1280\" height=\"856\" data-id=\"101136\" \/><figcaption class=\"wp-caption-text\">Pagrindinio prizo laim\u0117tojai Agn\u0117 ir Arentas su mokytoja Jurgita Arlauskiene<\/figcaption><\/figure>\n<p>Svarbiausias \u0161io festivalio-konkurso prizas \u2013 Grand Prix nominacija \u201eC\u012brulis 2024\u201c. J\u0105 laim\u0117jo Arentas Katkus ir Agn\u0117 Zimkut\u0117 (Plung\u0117s specialiojo ugdymo centras, mokytoja Jurgita Arlauskien\u0117).<\/p>\n<div>\n<div>\n<h2 id='ar-plungi\u0161kiai-atlik\u0117jai-laim\u0117jo-ir-daugiau-priz\u0173'><span class=\"ez-toc-section\" id=\"Ar_plungiskiai_atlikejai_laimejo_ir_daugiau_prizu\"><\/span>Ar plungi\u0161kiai atlik\u0117jai laim\u0117jo ir daugiau priz\u0173?<span class=\"ez-toc-section-end\"><\/span><\/h2>\n<ul>\n<li>Nominacij\u0105 \u201eU\u017e geriausi\u0105 \u0161eimyninio dueto susidainavim\u0105\u201c atiteko \u0161eimyniniam duetui Patricijai ir Hubertui Bieliauskams (Mykolo Oginskio meno mokykla, mokytoja Lina Balbo\u0161iovien\u0117);<\/li>\n<li>\u201ePublikos numyl\u0117tinio\u201c nominacija atiteko \u0161eimyniniam ansambliui \u2013 Vincentui, El\u017ebietai ir Veronikai \u017dlioboms (Liepij\u0173 mokykla, mokytoja Diana Paulauskien\u0117);<\/li>\n<li>Nominacija \u201eO\u017e truopni sos\u0117dainiav\u0117ma\u201c \u2013 \u017dlibin\u0173 kult\u016bros centro suaugusi\u0173j\u0173 vokaliniam kolektyvui \u201eMelodija\u201c (vadov\u0117 Lolita Liaudanskien\u0117).<\/li>\n<\/ul>\n<h2 id='kas-i\u0161kovojo-laureat\u0173-diplomus-ir-1-\u0105sias-vietas'><span class=\"ez-toc-section\" id=\"Kas_iskovojo_laureatu_diplomus_ir_1-asias_vietas\"><\/span>Kas i\u0161kovojo laureat\u0173 diplomus ir 1-\u0105sias vietas?<span class=\"ez-toc-section-end\"><\/span><\/h2>\n<ul>\n<li>Mergin\u0173 ansamblis \u201eGimnazist\u0117s\u201c (\u201eSaul\u0117s\u201c gimnazija, mokytoja Jolanta Rai\u0161utien\u0117);<\/li>\n<li>Rugil\u0117 Rankauskait\u0117 ir Akvil\u0117 Rimkut\u0117 (Mykolo Oginskio meno mokykla, mokytoja Irena Bakanauskien\u0117);<\/li>\n<li>Patricija ir Hubertas Bieliauskai (vokalin\u0117 grup\u0117 \u201eDrugys\u201c, Mykolo Oginskio meno mokykla, mokytoja Lina Balbo\u0161iovien\u0117).<\/li>\n<\/ul>\n<\/div>\n<div>\n<h2 id='kas-i\u0161kovojo-laureat\u0173-diplomus-ir-2-\u0105sias-vietas'><span class=\"ez-toc-section\" id=\"Kas_iskovojo_laureatu_diplomus_ir_2-asias_vietas\"><\/span>Kas i\u0161kovojo laureat\u0173 diplomus ir 2-\u0105sias vietas?<span class=\"ez-toc-section-end\"><\/span><\/h2>\n<ul>\n<li>Ugn\u0117 Kauliut\u0117 (Mykolo Oginskio meno mokykla, mokytoja Kornelija Jurkevi\u010d\u0117);<\/li>\n<li>Arnas Lukauskas (Rietavas, individualus mokymas) ir Emanuela Stabingyt\u0117 (Mykolo Oginskio meno mokykla, mokytoja Jolanta Rai\u0161utien\u0117);<\/li>\n<li>Gabija Muralyt\u0117 ir \u201eMoksleivi\u0173 ansamblis\u201c (Mykolo Oginskio meno mokykla, mokytoja Irena Bakanauskien\u0117);<\/li>\n<li>Emilija Ronkauskait\u0117 ir \u201eMa\u017easis drugys\u201c (Mykolo Oginskio meno mokykla, mokytoja Lina Balbo\u0161iovien\u0117);<\/li>\n<li>Vincentas, El\u017ebieta ir Veronika \u017dliobos ir ansamblis \u201eKurk, dainuok, improvizuok\u201c (Liepij\u0173 mokykla, vadov\u0117 Diana Paulauskien\u0117).<\/li>\n<\/ul>\n<h2 id='kas-i\u0161kovojo-laureat\u0173-diplomus-ir-3-\u0105sias-vietas'><span class=\"ez-toc-section\" id=\"Kas_iskovojo_laureatu_diplomus_ir_3-asias_vietas\"><\/span>Kas i\u0161kovojo laureat\u0173 diplomus ir 3-\u0105sias vietas?<span class=\"ez-toc-section-end\"><\/span><\/h2>\n<ul>\n<li>Au\u0161ra Zubyt\u0117(Mykolo Oginskio meno mokykla, mokytoja Irena Bakanauskien\u0117);<\/li>\n<li>Viktorija Tka\u010diovait\u0117 ir Smilt\u0117 Leonavi\u010di\u016bt\u0117 (Mykolo Oginskio meno mokykla, mokytoja Lina Balbo\u0161iovien\u0117);<\/li>\n<li>\u017dlibin\u0173 kult\u016bros centro suaugusi\u0173j\u0173 vokalinis ansamblis \u201eMelodija\u201c ir vaik\u0173 ansamblis \u201eVaikyst\u0117\u201c (vadov\u0117 Lolita Liaudanskien\u0117).<\/li>\n<\/ul>\n<\/div>\n<\/div>\n<blockquote>\n<p>\u201eEsame labai d\u0117kingi \u017demai\u010di\u0173 dail\u0117s muziejui u\u017e galimyb\u0119 rengin\u012f organizuoti \u010dia, kunigaik\u0161\u010di\u0173 Oginski\u0173 r\u016bmuose ir \u017eirgyne, naudotis erdv\u0117mis ir dekoracijomis. Pakyl\u0117ti jaut\u0117m\u0117s visi \u2013 ir dalyviai, ir juos atlyd\u0117j\u0119 t\u0117veliai, mokytojai, organizatoriai\u201c, \u2013 po renginio sak\u0117 festivalio sumanytoja Jolanta.<\/p>\n<\/blockquote>\n<p>\u0160ia publikacija dalinasi Lietuvos region\u0173 naujien\u0173 portalas \u201eMiesto naujienos\u201c. Daugiau sau ir savo miestui aktuali\u0173 naujien\u0173 rasite portale Miesto naujienos.<\/p>\n<p><br \/>\n<br \/><a href=\"https:\/\/miestonaujienos.lt\/festivalyje-konkurse-dainioukem-zemaiteska-sulaukta-daugiau-nei-200-dalyviu\/\">Source link <\/a><\/p>\n","protected":false},"excerpt":{"rendered":"<p>Spalio 26 d., \u0161e\u0161tadien\u012f, \u012f kunigaik\u0161\u010di\u0173 Oginski\u0173 r\u016bm\u0173 \u017eirgyn\u0105 rinkosi \u017eemai\u010di\u0173 kalbos ir dainos gerb\u0117jai \u2013 \u010dia vyko Plung\u0117s Mykolo Oginskio meno mokyklos suorganizuotas \u017eemaiti\u0161kos dainos festivalis-konkursas \u201eDainioukem \u017eemait\u0117\u0161k\u0101\u201c. \u201e\u0116 \u0161\u0117nd\u0117in \u010de, Plungie, suskombies pat\u0117s gra\u017eiaus\u0117s \u017eemait\u0117\u0161kas dain\u0117s, katras mums padainious \u0117 ma\u017e\u0117, \u0117 jau prakot\u0117, \u0117 jau paug\u0117n daininink\u0101, katr\u0117j sova\u017eiava \u0117\u0161 v\u0117suos \u017demait\u0117j\u0117s! [&hellip;]<\/p>\n","protected":false},"author":1,"featured_media":907,"comment_status":"","ping_status":"","sticky":false,"template":"","format":"standard","meta":{"om_disable_all_campaigns":false,"_monsterinsights_skip_tracking":false,"_monsterinsights_sitenote_active":false,"_monsterinsights_sitenote_note":"","_monsterinsights_sitenote_category":0,"footnotes":""},"categories":[1277],"tags":[1648,1650,219,1647,92,1649,344],"class_list":["post-906","post","type-post","status-publish","format-standard","has-post-thumbnail","hentry","category-laisvalaikis-ir-kultura","tag-dainioukem","tag-dalyviu","tag-daugiau","tag-festivalyjekonkurse","tag-nei","tag-sulaukta","tag-zemaiteska"],"aioseo_notices":[],"_links":{"self":[{"href":"https:\/\/paskutinenaujiena.lt\/index.php\/wp-json\/wp\/v2\/posts\/906","targetHints":{"allow":["GET"]}}],"collection":[{"href":"https:\/\/paskutinenaujiena.lt\/index.php\/wp-json\/wp\/v2\/posts"}],"about":[{"href":"https:\/\/paskutinenaujiena.lt\/index.php\/wp-json\/wp\/v2\/types\/post"}],"author":[{"embeddable":true,"href":"https:\/\/paskutinenaujiena.lt\/index.php\/wp-json\/wp\/v2\/users\/1"}],"replies":[{"embeddable":true,"href":"https:\/\/paskutinenaujiena.lt\/index.php\/wp-json\/wp\/v2\/comments?post=906"}],"version-history":[{"count":0,"href":"https:\/\/paskutinenaujiena.lt\/index.php\/wp-json\/wp\/v2\/posts\/906\/revisions"}],"wp:featuredmedia":[{"embeddable":true,"href":"https:\/\/paskutinenaujiena.lt\/index.php\/wp-json\/wp\/v2\/media\/907"}],"wp:attachment":[{"href":"https:\/\/paskutinenaujiena.lt\/index.php\/wp-json\/wp\/v2\/media?parent=906"}],"wp:term":[{"taxonomy":"category","embeddable":true,"href":"https:\/\/paskutinenaujiena.lt\/index.php\/wp-json\/wp\/v2\/categories?post=906"},{"taxonomy":"post_tag","embeddable":true,"href":"https:\/\/paskutinenaujiena.lt\/index.php\/wp-json\/wp\/v2\/tags?post=906"}],"curies":[{"name":"wp","href":"https:\/\/api.w.org\/{rel}","templated":true}]}}