{"id":2286,"date":"2025-09-05T03:02:19","date_gmt":"2025-09-05T03:02:19","guid":{"rendered":"https:\/\/paskutinenaujiena.lt\/index.php\/2025\/09\/05\/penki-renginiai-subure-miestiecius-prie-azuolyno\/"},"modified":"2025-09-05T03:02:19","modified_gmt":"2025-09-05T03:02:19","slug":"penki-renginiai-subure-miestiecius-prie-azuolyno","status":"publish","type":"post","link":"https:\/\/paskutinenaujiena.lt\/index.php\/2025\/09\/05\/penki-renginiai-subure-miestiecius-prie-azuolyno\/","title":{"rendered":"penki renginiai sub\u016br\u0117 miestie\u010dius prie \u0104\u017euolyno"},"content":{"rendered":"<p><\/p>\n<div>\n<ol class=\"breadcrumb\">\n<li>Prad\u017eia<\/li>\n<li>Naujienos<\/li>\n<li>Sporto ir bendruomen\u0117s diena Kaune: penki renginiai sub\u016br\u0117 miestie\u010dius prie \u0104\u017euolyno<\/li>\n<\/ol>\n<div class=\"post_featured_img_wrap\"><\/div>\n<div class=\"post_date\">\n<p>Paskelbta: 2025-09-04 (Ketvirtadienis)<\/p>\n<\/p><\/div>\n<\/p><\/div>\n<div data-post-id=\"197567\">\n<p><strong>Rugpj\u016b\u010dio 30-\u0105j\u0105 \u0161alia \u0104\u017euolyno kaunie\u010diai gal\u0117jo pasijusti tikroje sporto ir bendruomen\u0117s \u0161vent\u0117je \u2013 vienu metu vyko net penki renginiai, pritrauk\u0119 \u012fvairaus am\u017eiaus dalyvi\u0173 bei \u017ei\u016brov\u0173. Pagrindiniu traukos centru tapo Kauno sporto mokyklos \u201eStartas\u201c ir Rimanto Kauk\u0117no paramos fondo organizuotas labdaros b\u0117gimas \u201eVaikai vaikams\u201c, kuris sub\u016br\u0117 norin\u010dius ne tik sportuoti, bet ir prisid\u0117ti prie kilnaus tikslo \u2013 pagalbos genetine liga sergan\u010diam Aronui (13 m.) i\u0161 Jonavos.<\/strong><\/p>\n<p>Kartu Kauno sporto mokykla \u201eStartas\u201c sureng\u0117 savo kultivuojam\u0173 sporto \u0161ak\u0173 pristatymo \u0161vent\u0119. Joje dalyviai gal\u0117jo i\u0161bandyti \u012fvairias sporto \u0161akas: gimnastik\u0105, tinklin\u012f, ledo ritul\u012f, pasigro\u017e\u0117ti riedu\u010diais besiva\u017ein\u0117jan\u010diomis dailiojo \u010diuo\u017eimo atstov\u0117mis bei susipa\u017einti su plaukimo treneriais, kurie savo padalinio pristatymui atsive\u017e\u0117 kubil\u0105.<\/p>\n<p>T\u0105 pa\u010di\u0105 dien\u0105 Prezidento Valdo Adamkaus lengvosios atletikos manie\u017ee vyko atvir\u0173 dur\u0173 diena, kurioje lankytojai tur\u0117jo galimyb\u0119 susipa\u017einti su moderniomis sporto erdv\u0117mis, pabendrauti su ten dirban\u010diais legendiniais treneriais bei i\u0161bandyti savo j\u0117gas \u012fvairuose rungtyse.<\/p>\n<p>14 val. manie\u017eo antrame auk\u0161te buvo atidaryta naujoji sporto erdv\u0117 \u2013 \u201eStartas GYM\u201c, kvie\u010dianti kaunie\u010dius \u012f aktyv\u0173 gyvenimo b\u016bd\u0105, o \u0161alia Kauno sporto hal\u0117je \u0161urmuliavo b\u016breli\u0173 mug\u0117, atv\u0117rusi pla\u010dias galimybes vaikams bei jaunimui atrasti m\u0117gstam\u0105 veikl\u0105.<\/p>\n<p>\u0160vent\u0117s organizatoriai d\u017eiaugiasi, kad skirtingi renginiai sujung\u0117 sport\u0105, sveikatingum\u0105, bendruomeni\u0161kum\u0105 ir socialin\u0119 atsakomyb\u0119 \u012f vien\u0105 dien\u0105. Kaunie\u010diai gal\u0117jo ne tik aktyviai praleisti laik\u0105, bet ir atrasti nauj\u0173 pom\u0117gi\u0173 bei pasisemti \u012fkv\u0117pimo sveikai gyvensenai.<\/p>\n<p><img fetchpriority=\"high\" decoding=\"async\" class=\"alignnone wp-image-197569\" src=\"https:\/\/www.kaunas.lt\/wp-content\/uploads\/sites\/13\/2025\/09\/kievisas.fotografija-31-300x200.jpg\" alt=\"\" width=\"1613\" height=\"1075\" srcset=\"https:\/\/www.kaunas.lt\/wp-content\/uploads\/sites\/13\/2025\/09\/kievisas.fotografija-31-300x200.jpg 300w, https:\/\/www.kaunas.lt\/wp-content\/uploads\/sites\/13\/2025\/09\/kievisas.fotografija-31-1024x683.jpg 1024w, https:\/\/www.kaunas.lt\/wp-content\/uploads\/sites\/13\/2025\/09\/kievisas.fotografija-31-768x512.jpg 768w, https:\/\/www.kaunas.lt\/wp-content\/uploads\/sites\/13\/2025\/09\/kievisas.fotografija-31-1536x1024.jpg 1536w, https:\/\/www.kaunas.lt\/wp-content\/uploads\/sites\/13\/2025\/09\/kievisas.fotografija-31-2048x1366.jpg 2048w, https:\/\/www.kaunas.lt\/wp-content\/uploads\/sites\/13\/2025\/09\/kievisas.fotografija-31-720x480.jpg 720w\" sizes=\"(max-width: 1613px) 100vw, 1613px\"\/><\/p>\n<p><strong>Parama \u2013 vienintel\u0117 galimyb\u0117 jud\u0117ti<\/strong><\/p>\n<p>Did\u017eiausias d\u0117mesys buvo skirtas \u0161\u012f kart\u0105 \u2013 pagalbai. Labdaros b\u0117gimas <strong>\u201eVaikai vaikams\u201c<\/strong> pritrauk\u0117 beveik 600 dalyvi\u0173 ir gaus\u0173 b\u016br\u012f \u017ei\u016brov\u0173, siekian\u010di\u0173 vieningo tikslo \u2013 pad\u0117ti Aronui (13 m.). Berniukui dar k\u016bdikyst\u0117je diagnozuotas retas genetinis sutrikimas \u2013 Stuve-Wiedemanno sindromas. \u0160i liga sukelia sunkius jud\u0117jimo sutrikimus, tod\u0117l Aronas negali savaranki\u0161kai vaik\u0161\u010dioti. Jud\u0117ti gali tik naudodamas anglies pluo\u0161to \u012ftvarus, kurie yra nekompensuojami. \u0160iuos \u012ftvarus Aronas greitai i\u0161auga, o j\u0173 kaina \u0161eimai \u2013 labai didel\u0117 finansin\u0117 na\u0161ta.<\/p>\n<p><strong>Bendryst\u0117s galia<\/strong><\/p>\n<p>B\u0117gime dalyvavo \u012fvairaus am\u017eiaus \u017emon\u0117s \u2013 nuo dar\u017eelinuk\u0173 iki suaugusi\u0173j\u0173. Vaikai noriai stojo prie starto linijos, \u017eengdami kilnius \u017eingsnius u\u017e Aron\u0105. Rengin\u012f lyd\u0117jo d\u017eiugi atmosfera: skamb\u0117jo muzika, netr\u016bko \u0161ypsen\u0173, palaikymo \u0161\u016bksni\u0173 ir \u0161ilt\u0173 apkabinim\u0173.<\/p>\n<p>\u201e\u0160is b\u0117gimas \u2013 puiki galimyb\u0117 ne tik sportuoti, bet ir pad\u0117ti tiems, kam labiausiai reikia. Labai d\u017eiaugiam\u0117s, kad galime b\u016bti bendruomen\u0117s dalimi, kuri moka dalintis gerumu\u201c, \u2013 sak\u0117 viena i\u0161 dalyvi\u0173.<\/p>\n<p><img loading=\"lazy\" decoding=\"async\" class=\"alignnone wp-image-197570\" src=\"https:\/\/www.kaunas.lt\/wp-content\/uploads\/sites\/13\/2025\/09\/kievisas.fotografija-47-300x200.jpg\" alt=\"\" width=\"1608\" height=\"1072\" srcset=\"https:\/\/www.kaunas.lt\/wp-content\/uploads\/sites\/13\/2025\/09\/kievisas.fotografija-47-300x200.jpg 300w, https:\/\/www.kaunas.lt\/wp-content\/uploads\/sites\/13\/2025\/09\/kievisas.fotografija-47-1024x683.jpg 1024w, https:\/\/www.kaunas.lt\/wp-content\/uploads\/sites\/13\/2025\/09\/kievisas.fotografija-47-768x512.jpg 768w, https:\/\/www.kaunas.lt\/wp-content\/uploads\/sites\/13\/2025\/09\/kievisas.fotografija-47-1536x1024.jpg 1536w, https:\/\/www.kaunas.lt\/wp-content\/uploads\/sites\/13\/2025\/09\/kievisas.fotografija-47-2048x1366.jpg 2048w, https:\/\/www.kaunas.lt\/wp-content\/uploads\/sites\/13\/2025\/09\/kievisas.fotografija-47-720x480.jpg 720w\" sizes=\"auto, (max-width: 1608px) 100vw, 1608px\"\/><\/p>\n<p><strong>Parama, virstanti realia pagalba<\/strong><\/p>\n<p>Surinktos l\u0117\u0161os bus skirtos Arono koj\u0173 \u012ftvarams \u012fsigyti. Tai \u2013 b\u016btina pagalba, pad\u0117sianti berniukui siekti didesn\u0117s nepriklausomyb\u0117s ir gyvenimo kokyb\u0117s. Renginio organizatoriai pabr\u0117\u017e\u0117, kad kiekvienas euras, paaukotas \u0161ios akcijos metu, turi did\u017eiul\u0119 vert\u0119.<\/p>\n<p><strong>Vaikai padeda vaikams<\/strong><\/p>\n<p>\u0160io b\u0117gimo i\u0161skirtinumas \u2013 jo id\u0117ja. \u010cia vaikai b\u0117ga u\u017e vaikus, \u012frodydami, kad net patys ma\u017eiausieji gali tapti dideli\u0173 poky\u010di\u0173 dalimi. Tokios iniciatyvos ugdo empatij\u0105, moko socialin\u0117s atsakomyb\u0117s ir rodo, kad bendryst\u0117 gali padaryti tikrus stebuklus.<\/p>\n<p><img loading=\"lazy\" decoding=\"async\" class=\"alignnone wp-image-197571\" src=\"https:\/\/www.kaunas.lt\/wp-content\/uploads\/sites\/13\/2025\/09\/Vaikai-vaikams-166-300x200.jpg\" alt=\"\" width=\"1588\" height=\"1058\" srcset=\"https:\/\/www.kaunas.lt\/wp-content\/uploads\/sites\/13\/2025\/09\/Vaikai-vaikams-166-300x200.jpg 300w, https:\/\/www.kaunas.lt\/wp-content\/uploads\/sites\/13\/2025\/09\/Vaikai-vaikams-166-1024x683.jpg 1024w, https:\/\/www.kaunas.lt\/wp-content\/uploads\/sites\/13\/2025\/09\/Vaikai-vaikams-166-768x512.jpg 768w, https:\/\/www.kaunas.lt\/wp-content\/uploads\/sites\/13\/2025\/09\/Vaikai-vaikams-166-1536x1024.jpg 1536w, https:\/\/www.kaunas.lt\/wp-content\/uploads\/sites\/13\/2025\/09\/Vaikai-vaikams-166-2048x1365.jpg 2048w, https:\/\/www.kaunas.lt\/wp-content\/uploads\/sites\/13\/2025\/09\/Vaikai-vaikams-166-720x480.jpg 720w\" sizes=\"auto, (max-width: 1588px) 100vw, 1588px\"\/><\/p>\n<p><strong>Organizatori\u0173 pad\u0117ka<\/strong><\/p>\n<p>Renginio iniciatoriai <strong>Kauno sporto mokykla \u201eStartas\u201c ir Rimanto Kauk\u0117no paramos fondas<\/strong> d\u0117koja visiems r\u0117m\u0117jams, dalyviams, treneriams ir savanoriams, prisid\u0117jusiems prie \u0161ios gra\u017eios akcijos. Organizatoriai tiki, kad labdaros b\u0117gimas \u201eVaikai vaikams\u201c gal\u0117t\u0173 tapt\u0173 gra\u017eia kasmetine tradicija, apjungian\u010dia sporto \u0161vent\u0119 visuomenei bei itin svarbi\u0105 param\u0105 sergantiems.<\/p>\n<p style=\"text-align: right\"><em>Kauno sporto mokyklos \u201eStartas\u201c informacija<\/em><\/p>\n<\/p><\/div>\n<p><script>\n(function(d, s, id) {\n  var js, fjs = d.getElementsByTagName(s)(0);\n  if (d.getElementById(id)) return;\n  js = d.createElement(s); js.id = id;\n  js.src = \"\/\/connect.facebook.net\/lt_LT\/sdk.js#xfbml=1&version=v2.5&appId=118913718193570\";\n  fjs.parentNode.insertBefore(js, fjs);\n}(document, 'script', 'facebook-jssdk'));<\/script><script>(function(d, s, id) {\n\t\t\t\t\t\t\t\t\t\t\t  var js, fjs = d.getElementsByTagName(s)(0);\n\t\t\t\t\t\t\t\t\t\t\t  if (d.getElementById(id)) return;\n\t\t\t\t\t\t\t\t\t\t\t  js = d.createElement(s); js.id = id;\n\t\t\t\t\t\t\t\t\t\t\t  js.src = \"\/\/connect.facebook.net\/lt_LT\/sdk.js#xfbml=1&version=v2.3&appId=118913718193570\";\n\t\t\t\t\t\t\t\t\t\t\t  fjs.parentNode.insertBefore(js, fjs);\n\t\t\t\t\t\t\t\t\t\t\t}(document, 'script', 'facebook-jssdk'));\n\t\t\t\t\t\t\t\t\t\t\t<\/script><a href=\"https:\/\/www.kaunas.lt\/2025\/09\/04\/sporto-ir-bendruomenes-diena-kaune-penki-renginiai-subure-miestiecius-prie-azuolyno\/\"> Nuoroda \u012f informacijos \u0161altin\u012f <\/a><\/p>\n","protected":false},"excerpt":{"rendered":"<p>Prad\u017eia Naujienos Sporto ir bendruomen\u0117s diena Kaune: penki renginiai sub\u016br\u0117 miestie\u010dius prie \u0104\u017euolyno Paskelbta: 2025-09-04 (Ketvirtadienis) Rugpj\u016b\u010dio 30-\u0105j\u0105 \u0161alia \u0104\u017euolyno kaunie\u010diai gal\u0117jo pasijusti tikroje sporto ir bendruomen\u0117s \u0161vent\u0117je \u2013 vienu metu vyko net penki renginiai, pritrauk\u0119 \u012fvairaus am\u017eiaus dalyvi\u0173 bei \u017ei\u016brov\u0173. Pagrindiniu traukos centru tapo Kauno sporto mokyklos \u201eStartas\u201c ir Rimanto Kauk\u0117no paramos fondo organizuotas [&hellip;]<\/p>\n","protected":false},"author":1,"featured_media":2287,"comment_status":"","ping_status":"","sticky":false,"template":"","format":"standard","meta":{"om_disable_all_campaigns":false,"_monsterinsights_skip_tracking":false,"_monsterinsights_sitenote_active":false,"_monsterinsights_sitenote_note":"","_monsterinsights_sitenote_category":0,"footnotes":""},"categories":[3],"tags":[4562,4561,4560,1351,3791,2206],"class_list":["post-2286","post","type-post","status-publish","format-standard","has-post-thumbnail","hentry","category-salies-naujienos","tag-azuolyno","tag-miestiecius","tag-penki","tag-prie","tag-renginiai","tag-subure"],"aioseo_notices":[],"_links":{"self":[{"href":"https:\/\/paskutinenaujiena.lt\/index.php\/wp-json\/wp\/v2\/posts\/2286","targetHints":{"allow":["GET"]}}],"collection":[{"href":"https:\/\/paskutinenaujiena.lt\/index.php\/wp-json\/wp\/v2\/posts"}],"about":[{"href":"https:\/\/paskutinenaujiena.lt\/index.php\/wp-json\/wp\/v2\/types\/post"}],"author":[{"embeddable":true,"href":"https:\/\/paskutinenaujiena.lt\/index.php\/wp-json\/wp\/v2\/users\/1"}],"replies":[{"embeddable":true,"href":"https:\/\/paskutinenaujiena.lt\/index.php\/wp-json\/wp\/v2\/comments?post=2286"}],"version-history":[{"count":0,"href":"https:\/\/paskutinenaujiena.lt\/index.php\/wp-json\/wp\/v2\/posts\/2286\/revisions"}],"wp:featuredmedia":[{"embeddable":true,"href":"https:\/\/paskutinenaujiena.lt\/index.php\/wp-json\/wp\/v2\/media\/2287"}],"wp:attachment":[{"href":"https:\/\/paskutinenaujiena.lt\/index.php\/wp-json\/wp\/v2\/media?parent=2286"}],"wp:term":[{"taxonomy":"category","embeddable":true,"href":"https:\/\/paskutinenaujiena.lt\/index.php\/wp-json\/wp\/v2\/categories?post=2286"},{"taxonomy":"post_tag","embeddable":true,"href":"https:\/\/paskutinenaujiena.lt\/index.php\/wp-json\/wp\/v2\/tags?post=2286"}],"curies":[{"name":"wp","href":"https:\/\/api.w.org\/{rel}","templated":true}]}}