{"id":2278,"date":"2025-08-21T03:01:12","date_gmt":"2025-08-21T03:01:12","guid":{"rendered":"https:\/\/paskutinenaujiena.lt\/index.php\/2025\/08\/21\/padarinius-likvidave-rangovai-atidaryti-eisma-milikoniu-ikalneje-tikisi-iki-spalio-pabaigos\/"},"modified":"2025-08-21T03:01:12","modified_gmt":"2025-08-21T03:01:12","slug":"padarinius-likvidave-rangovai-atidaryti-eisma-milikoniu-ikalneje-tikisi-iki-spalio-pabaigos","status":"publish","type":"post","link":"https:\/\/paskutinenaujiena.lt\/index.php\/2025\/08\/21\/padarinius-likvidave-rangovai-atidaryti-eisma-milikoniu-ikalneje-tikisi-iki-spalio-pabaigos\/","title":{"rendered":"padarinius likvidav\u0119 rangovai atidaryti eism\u0105 Milikoni\u0173 \u012fkaln\u0117je tikisi iki spalio pabaigos"},"content":{"rendered":"<p><\/p>\n<div>\n<ol class=\"breadcrumb\">\n<li>Prad\u017eia<\/li>\n<li>Naujienos<\/li>\n<li>Permainingi orai i\u0161\u0161\u016bki\u0173 nepagail\u0117jo: padarinius likvidav\u0119 rangovai atidaryti eism\u0105 Milikoni\u0173 \u012fkaln\u0117je tikisi iki spalio pabaigos<\/li>\n<\/ol>\n<div class=\"post_featured_img_wrap\"><\/div>\n<div class=\"post_date\">\n<p>Paskelbta: 2025-08-20 (Tre\u010diadienis)<\/p>\n<\/p><\/div>\n<\/p><\/div>\n<div data-post-id=\"197049\">\n<p><strong>Antroje gegu\u017e\u0117s pus\u0117je startavusi Linkuvos gatv\u0117s \u012fkaln\u0117s rekonstrukcija gerokai \u012fsib\u0117g\u0117jo \u2013 atnaujinti po\u017eeminiai ry\u0161i\u0173 tinklai, baigiama kloti nauja lietaus nuvedimo trasa, \u012frengiami pagrindai gatvei ir takams. Toliau tvirtinamas \u0161laitas. Nepaisant lietingos vasaros, iki \u0161iol atlikta beveik pus\u0117 vis\u0173 suplanuot\u0173 darb\u0173.<\/strong><\/p>\n<div id=\"ez-toc-container\" class=\"ez-toc-v2_0_82_2 counter-hierarchy ez-toc-counter ez-toc-grey ez-toc-container-direction\">\n<div class=\"ez-toc-title-container\">\n<p class=\"ez-toc-title\" style=\"cursor:inherit\">Turinys:<\/p>\n<span class=\"ez-toc-title-toggle\"><a href=\"#\" class=\"ez-toc-pull-right ez-toc-btn ez-toc-btn-xs ez-toc-btn-default ez-toc-toggle\" aria-label=\"Toggle Table of Content\"><span class=\"ez-toc-js-icon-con\"><span class=\"\"><span class=\"eztoc-hide\" style=\"display:none;\">Toggle<\/span><span class=\"ez-toc-icon-toggle-span\"><svg style=\"fill: #999;color:#999\" xmlns=\"http:\/\/www.w3.org\/2000\/svg\" class=\"list-377408\" width=\"20px\" height=\"20px\" viewBox=\"0 0 24 24\" fill=\"none\"><path d=\"M6 6H4v2h2V6zm14 0H8v2h12V6zM4 11h2v2H4v-2zm16 0H8v2h12v-2zM4 16h2v2H4v-2zm16 0H8v2h12v-2z\" fill=\"currentColor\"><\/path><\/svg><svg style=\"fill: #999;color:#999\" class=\"arrow-unsorted-368013\" xmlns=\"http:\/\/www.w3.org\/2000\/svg\" width=\"10px\" height=\"10px\" viewBox=\"0 0 24 24\" version=\"1.2\" baseProfile=\"tiny\"><path d=\"M18.2 9.3l-6.2-6.3-6.2 6.3c-.2.2-.3.4-.3.7s.1.5.3.7c.2.2.4.3.7.3h11c.3 0 .5-.1.7-.3.2-.2.3-.5.3-.7s-.1-.5-.3-.7zM5.8 14.7l6.2 6.3 6.2-6.3c.2-.2.3-.5.3-.7s-.1-.5-.3-.7c-.2-.2-.4-.3-.7-.3h-11c-.3 0-.5.1-.7.3-.2.2-.3.5-.3.7s.1.5.3.7z\"\/><\/svg><\/span><\/span><\/span><\/a><\/span><\/div>\n<nav><ul class='ez-toc-list ez-toc-list-level-1 ' ><li class='ez-toc-page-1 ez-toc-heading-level-2'><a class=\"ez-toc-link ez-toc-heading-1\" href=\"https:\/\/paskutinenaujiena.lt\/index.php\/2025\/08\/21\/padarinius-likvidave-rangovai-atidaryti-eisma-milikoniu-ikalneje-tikisi-iki-spalio-pabaigos\/#Neplanuoti_issukiai\" >Neplanuoti i\u0161\u0161\u016bkiai<\/a><\/li><li class='ez-toc-page-1 ez-toc-heading-level-2'><a class=\"ez-toc-link ez-toc-heading-2\" href=\"https:\/\/paskutinenaujiena.lt\/index.php\/2025\/08\/21\/padarinius-likvidave-rangovai-atidaryti-eisma-milikoniu-ikalneje-tikisi-iki-spalio-pabaigos\/#Atlikta_beveik_puse_darbu\" >Atlikta beveik pus\u0117 darb\u0173<\/a><\/li><li class='ez-toc-page-1 ez-toc-heading-level-2'><a class=\"ez-toc-link ez-toc-heading-3\" href=\"https:\/\/paskutinenaujiena.lt\/index.php\/2025\/08\/21\/padarinius-likvidave-rangovai-atidaryti-eisma-milikoniu-ikalneje-tikisi-iki-spalio-pabaigos\/#Didins_eismo_juostu_skaiciu\" >Didins eismo juost\u0173 skai\u010di\u0173<\/a><\/li><\/ul><\/nav><\/div>\n<h2><span class=\"ez-toc-section\" id=\"Neplanuoti_issukiai\"><\/span>Neplanuoti i\u0161\u0161\u016bkiai<span class=\"ez-toc-section-end\"><\/span><\/h2>\n<p>\u201eLinkuvos gatv\u0117s \u012fkaln\u0117je technologi\u0161kai daugiausiai i\u0161\u0161\u016bki\u0173 kelia oro s\u0105lygos. \u0160i\u0105 vasar\u0105 i\u0161krito daug krituli\u0173. Tai nepad\u0117jo formuojant ir tvirtinant \u0161laitus. Gausus lietus juos nuolat \u201ei\u0161plaudavo\u201c. Nepaisant to, rangovai dirba pilnu paj\u0117gumu. Rengiami pagrindai naujai asfalto dangai ir takui, jau matomas ir pirmasis asfalto sluoksnis\u201c, \u2013 sako Kauno savivaldyb\u0117s Miesto tvarkymo skyriaus ved\u0117jas Aloyzas Pakalni\u0161kis.<\/p>\n<p><img fetchpriority=\"high\" decoding=\"async\" class=\"alignnone size-large wp-image-197051\" src=\"https:\/\/www.kaunas.lt\/wp-content\/uploads\/sites\/13\/2025\/08\/Tvarkoma-Linkuvos-gatves-ikalne-1024x575.jpg\" alt=\"\" width=\"1024\" height=\"575\" srcset=\"https:\/\/www.kaunas.lt\/wp-content\/uploads\/sites\/13\/2025\/08\/Tvarkoma-Linkuvos-gatves-ikalne-1024x575.jpg 1024w, https:\/\/www.kaunas.lt\/wp-content\/uploads\/sites\/13\/2025\/08\/Tvarkoma-Linkuvos-gatves-ikalne-300x169.jpg 300w, https:\/\/www.kaunas.lt\/wp-content\/uploads\/sites\/13\/2025\/08\/Tvarkoma-Linkuvos-gatves-ikalne-768x431.jpg 768w, https:\/\/www.kaunas.lt\/wp-content\/uploads\/sites\/13\/2025\/08\/Tvarkoma-Linkuvos-gatves-ikalne-1536x863.jpg 1536w, https:\/\/www.kaunas.lt\/wp-content\/uploads\/sites\/13\/2025\/08\/Tvarkoma-Linkuvos-gatves-ikalne-2048x1151.jpg 2048w, https:\/\/www.kaunas.lt\/wp-content\/uploads\/sites\/13\/2025\/08\/Tvarkoma-Linkuvos-gatves-ikalne-100x56.jpg 100w, https:\/\/www.kaunas.lt\/wp-content\/uploads\/sites\/13\/2025\/08\/Tvarkoma-Linkuvos-gatves-ikalne-319x180.jpg 319w, https:\/\/www.kaunas.lt\/wp-content\/uploads\/sites\/13\/2025\/08\/Tvarkoma-Linkuvos-gatves-ikalne-990x557.jpg 990w, https:\/\/www.kaunas.lt\/wp-content\/uploads\/sites\/13\/2025\/08\/Tvarkoma-Linkuvos-gatves-ikalne-820x460.jpg 820w\" sizes=\"(max-width: 1024px) 100vw, 1024px\"\/><\/p>\n<p>Nepalankios oro s\u0105lygos pakoregavo ir galimus darb\u0173 u\u017ebaigimo terminus. Pagal dabartin\u0119 situacij\u0105, pagrindinius darbus planuojama u\u017ebaigti iki spalio pabaigos \u2013 tuomet b\u016bt\u0173 atvertas eismas.<\/p>\n<p>Kol vyks darbai, vairuotojai ir toliau raginami i\u0161 anksto planuoti keliones apylankomis \u2013 Neries krantine, Baltijos gatve arba A1 magistrale.<\/p>\n<p>Iki kol bus atvertas eismas nesikeis ir laikinos vie\u0161ojo transporto trasos. Daugiau informacijos \u2013 internete: <strong>stops.lt\/kaunas<\/strong>.<\/p>\n<h2><span class=\"ez-toc-section\" id=\"Atlikta_beveik_puse_darbu\"><\/span>Atlikta beveik pus\u0117 darb\u0173<span class=\"ez-toc-section-end\"><\/span><\/h2>\n<p>Vadinamoje Milikoni\u0173 \u012fkaln\u0117je veiksmo netr\u016bksta. Gegu\u017e\u0119 UAB \u201eKauno keliai\u201c prad\u0117jo nuo po\u017eemini\u0173 komunikacij\u0173 atnaujinimo.<\/p>\n<p>Va\u017eiuojamojoje kelio dalyje nufrezavus stipriai susid\u0117v\u0117jusi\u0105 asfalto dang\u0105 ir takus beveik paklota lietaus nuvedimo trasa, \u012fpus\u0117ta \u012frengti drena\u017eo sistem\u0105.<\/p>\n<p><img loading=\"lazy\" decoding=\"async\" class=\"alignnone size-large wp-image-197060\" src=\"https:\/\/www.kaunas.lt\/wp-content\/uploads\/sites\/13\/2025\/08\/Linkuvos-gatves-ikalne-1-1024x552.jpg\" alt=\"\" width=\"1024\" height=\"552\" srcset=\"https:\/\/www.kaunas.lt\/wp-content\/uploads\/sites\/13\/2025\/08\/Linkuvos-gatves-ikalne-1-1024x552.jpg 1024w, https:\/\/www.kaunas.lt\/wp-content\/uploads\/sites\/13\/2025\/08\/Linkuvos-gatves-ikalne-1-300x162.jpg 300w, https:\/\/www.kaunas.lt\/wp-content\/uploads\/sites\/13\/2025\/08\/Linkuvos-gatves-ikalne-1-768x414.jpg 768w, https:\/\/www.kaunas.lt\/wp-content\/uploads\/sites\/13\/2025\/08\/Linkuvos-gatves-ikalne-1-1536x829.jpg 1536w, https:\/\/www.kaunas.lt\/wp-content\/uploads\/sites\/13\/2025\/08\/Linkuvos-gatves-ikalne-1-2048x1105.jpg 2048w\" sizes=\"auto, (max-width: 1024px) 100vw, 1024px\"\/><\/p>\n<p>Lygiagre\u010diai \u0161ioje vietoje \u012frengiami bortai, pagrindo sluoksnis. Sunkioji technika formuoja ir tvirtina \u0161laitus. \u012ekaln\u0117je taip pat matomi b\u016bsimojo p\u0117s\u010di\u0173j\u0173 ir dviratinink\u0173 tako kont\u016brai. V\u0117liau bus atnaujintos ir ap\u0161vietimo atramos.<\/p>\n<p>Iki \u0161iol tvarkomoje atkarpoje atlikta apie 45 proc. darb\u0173.<\/p>\n<h2><span class=\"ez-toc-section\" id=\"Didins_eismo_juostu_skaiciu\"><\/span>Didins eismo juost\u0173 skai\u010di\u0173<span class=\"ez-toc-section-end\"><\/span><\/h2>\n<p>Milikoni\u0173 \u012fkaln\u0117je po rekonstrukcijos ne tik neliks vairuotojams \u012fgrisusi\u0173 i\u0161dau\u017e\u0173. \u010cia gerokai praplat\u0117s va\u017eiuojamoji dalis.<\/p>\n<p>Atkarpoje tarp Varni\u0173 ir Linkuvos gatvi\u0173 sankry\u017eos bei susikirtimo su Pry\u0161man\u010di\u0173 g. bus \u012frengtos trys eismo juostos: dvi leid\u017eiantis apa\u010dion ir viena \u2013 va\u017eiuojant \u0160ilaini\u0173 link. Papildomos juostos pad\u0117s transporto priemon\u0117ms patogiau \u201e\u012fsilieti\u201c \u012f eism\u0105 Varni\u0173 g.<\/p>\n<p>Papildoma juosta \u012fkaln\u0117je puikiai pasitarnaus sukantiems kair\u0117n \u012f Pry\u0161man\u010di\u0173 g. Taip bus u\u017etikrintas maksimalus pralaidumas va\u017eiuojantiems \u0160ilaini\u0173 kryptimi.<\/p>\n<p style=\"text-align: right\"><em>Ry\u0161i\u0173 su visuomene skyriaus informacija<\/em><\/p>\n<\/p><\/div>\n<p><script>\n(function(d, s, id) {\n  var js, fjs = d.getElementsByTagName(s)(0);\n  if (d.getElementById(id)) return;\n  js = d.createElement(s); js.id = id;\n  js.src = \"\/\/connect.facebook.net\/lt_LT\/sdk.js#xfbml=1&version=v2.5&appId=118913718193570\";\n  fjs.parentNode.insertBefore(js, fjs);\n}(document, 'script', 'facebook-jssdk'));<\/script><script>(function(d, s, id) {\n\t\t\t\t\t\t\t\t\t\t\t  var js, fjs = d.getElementsByTagName(s)(0);\n\t\t\t\t\t\t\t\t\t\t\t  if (d.getElementById(id)) return;\n\t\t\t\t\t\t\t\t\t\t\t  js = d.createElement(s); js.id = id;\n\t\t\t\t\t\t\t\t\t\t\t  js.src = \"\/\/connect.facebook.net\/lt_LT\/sdk.js#xfbml=1&version=v2.3&appId=118913718193570\";\n\t\t\t\t\t\t\t\t\t\t\t  fjs.parentNode.insertBefore(js, fjs);\n\t\t\t\t\t\t\t\t\t\t\t}(document, 'script', 'facebook-jssdk'));\n\t\t\t\t\t\t\t\t\t\t\t<\/script><a href=\"https:\/\/www.kaunas.lt\/2025\/08\/20\/permainingi-orai-issukiu-nepagailejo-padarinius-likvidave-rangovai-atidaryti-eisma-milikoniu-ikalneje-tikisi-iki-spalio-pabaigos\/\"> Nuoroda \u012f informacijos \u0161altin\u012f <\/a><\/p>\n","protected":false},"excerpt":{"rendered":"<p>Prad\u017eia Naujienos Permainingi orai i\u0161\u0161\u016bki\u0173 nepagail\u0117jo: padarinius likvidav\u0119 rangovai atidaryti eism\u0105 Milikoni\u0173 \u012fkaln\u0117je tikisi iki spalio pabaigos Paskelbta: 2025-08-20 (Tre\u010diadienis) Antroje gegu\u017e\u0117s pus\u0117je startavusi Linkuvos gatv\u0117s \u012fkaln\u0117s rekonstrukcija gerokai \u012fsib\u0117g\u0117jo \u2013 atnaujinti po\u017eeminiai ry\u0161i\u0173 tinklai, baigiama kloti nauja lietaus nuvedimo trasa, \u012frengiami pagrindai gatvei ir takams. Toliau tvirtinamas \u0161laitas. Nepaisant lietingos vasaros, iki \u0161iol atlikta [&hellip;]<\/p>\n","protected":false},"author":1,"featured_media":2279,"comment_status":"","ping_status":"","sticky":false,"template":"","format":"standard","meta":{"om_disable_all_campaigns":false,"_monsterinsights_skip_tracking":false,"_monsterinsights_sitenote_active":false,"_monsterinsights_sitenote_note":"","_monsterinsights_sitenote_category":0,"footnotes":""},"categories":[3],"tags":[4542,4543,4545,1154,4540,4544,4547,4539,4541,2820,4546],"class_list":["post-2278","post","type-post","status-publish","format-standard","has-post-thumbnail","hentry","category-salies-naujienos","tag-atidaryti","tag-eisma","tag-ikalneje","tag-iki","tag-likvidave","tag-milikoniu","tag-pabaigos","tag-padarinius","tag-rangovai","tag-spalio","tag-tikisi"],"aioseo_notices":[],"_links":{"self":[{"href":"https:\/\/paskutinenaujiena.lt\/index.php\/wp-json\/wp\/v2\/posts\/2278","targetHints":{"allow":["GET"]}}],"collection":[{"href":"https:\/\/paskutinenaujiena.lt\/index.php\/wp-json\/wp\/v2\/posts"}],"about":[{"href":"https:\/\/paskutinenaujiena.lt\/index.php\/wp-json\/wp\/v2\/types\/post"}],"author":[{"embeddable":true,"href":"https:\/\/paskutinenaujiena.lt\/index.php\/wp-json\/wp\/v2\/users\/1"}],"replies":[{"embeddable":true,"href":"https:\/\/paskutinenaujiena.lt\/index.php\/wp-json\/wp\/v2\/comments?post=2278"}],"version-history":[{"count":0,"href":"https:\/\/paskutinenaujiena.lt\/index.php\/wp-json\/wp\/v2\/posts\/2278\/revisions"}],"wp:featuredmedia":[{"embeddable":true,"href":"https:\/\/paskutinenaujiena.lt\/index.php\/wp-json\/wp\/v2\/media\/2279"}],"wp:attachment":[{"href":"https:\/\/paskutinenaujiena.lt\/index.php\/wp-json\/wp\/v2\/media?parent=2278"}],"wp:term":[{"taxonomy":"category","embeddable":true,"href":"https:\/\/paskutinenaujiena.lt\/index.php\/wp-json\/wp\/v2\/categories?post=2278"},{"taxonomy":"post_tag","embeddable":true,"href":"https:\/\/paskutinenaujiena.lt\/index.php\/wp-json\/wp\/v2\/tags?post=2278"}],"curies":[{"name":"wp","href":"https:\/\/api.w.org\/{rel}","templated":true}]}}