{"id":2230,"date":"2025-05-23T02:30:06","date_gmt":"2025-05-23T02:30:06","guid":{"rendered":"https:\/\/paskutinenaujiena.lt\/index.php\/2025\/05\/23\/kaunas-kviecia-i-617-aji-gimtadieni\/"},"modified":"2025-05-23T02:30:06","modified_gmt":"2025-05-23T02:30:06","slug":"kaunas-kviecia-i-617-aji-gimtadieni","status":"publish","type":"post","link":"https:\/\/paskutinenaujiena.lt\/index.php\/2025\/05\/23\/kaunas-kviecia-i-617-aji-gimtadieni\/","title":{"rendered":"Kaunas kvie\u010dia \u012f 617-\u0105j\u012f gimtadien\u012f"},"content":{"rendered":"<p><\/p>\n<div>\n<ol class=\"breadcrumb\">\n<li>Prad\u017eia<\/li>\n<li>Naujienos<\/li>\n<li>Trij\u0173 dien\u0173 \u0161ventini\u0173 rengini\u0173 fiesta: Kaunas kvie\u010dia \u012f 617-\u0105j\u012f gimtadien\u012f<\/li>\n<\/ol>\n<div class=\"post_featured_img_wrap\"><\/div>\n<div class=\"post_date\">\n<p>Paskelbta: 2025-05-22 (Ketvirtadienis)<\/p>\n<\/p><\/div>\n<\/p><\/div>\n<div data-post-id=\"192902\">\n<p><strong>\u201eKaunas d\u017eiaugiasi!\u201d <\/strong><strong>\u2013 tokiu \u0161\u016bkiu miestas pasitinka savo 617-\u0105j\u012f gimtadien\u012f. Gegu\u017e\u0117s 23\u201325 d. kaunie\u010diai ir miesto sve\u010diai kvie\u010diami pasinerti \u012f \u012ftraukian\u010dias pramog\u0173, edukacij\u0173 ir muzikos erdves Santakos parke. Viduram\u017ei\u0173 miestelis, turizmo pakrant\u0117, sporto turnyrai, \u0161viesos instaliacijos bei koncertai \u2013 visa tai ir dar daugiau \u0161iemet sud\u0117liota miesto gimtadienio programoje. <\/strong><\/p>\n<p>\u201eKaunas turi unikali\u0105 savyb\u0119 \u2013 kasmet kei\u010diasi, gra\u017e\u0117ja ir auga, ta\u010diau visada i\u0161lieka toks pat savas ir artimas kiekvienam, kuris \u010dia gyvena, sugr\u012f\u017eta ar atvyksta. Miesto gimtadienis \u0161iais metais v\u0117l suvienys m\u016bs\u0173 bendruomen\u0119, suburs skirtingas kartas, seniai matytus draugus ir jaunim\u0105.<\/p>\n<p>Gimtadienis \u2013 tik vien\u0105 kart\u0105 metuose, tod\u0117l kvie\u010diu 617 met\u0173 at\u0161v\u0119sti ry\u0161kiai ir trankiai. Kaunas, miesto kult\u016bros \u012fstaigos, bendruomen\u0117s, atlik\u0117jai, kaunie\u010diams pareng\u0117 vis\u0105 virtin\u0119 pramog\u0173 ir pasirodym\u0173. Tai m\u016bs\u0173 vis\u0173 \u0161vent\u0117, tod\u0117l pakili\u0105 nuotaik\u0105 kuriame kiekvienas: d\u017eiaukim\u0117s ir \u0161v\u0119skime i\u0161 visos \u0161irdies\u201c, \u2013 kvie\u010dia Kauno meras Visvaldas Matijo\u0161aitis.<\/p>\n<p><img fetchpriority=\"high\" decoding=\"async\" class=\"alignnone size-full wp-image-192905\" src=\"https:\/\/www.kaunas.lt\/wp-content\/uploads\/sites\/13\/2025\/05\/Kauno-gimtadienis-11-scaled.jpg\" alt=\"\" width=\"2560\" height=\"1703\" srcset=\"https:\/\/www.kaunas.lt\/wp-content\/uploads\/sites\/13\/2025\/05\/Kauno-gimtadienis-11-scaled.jpg 2560w, https:\/\/www.kaunas.lt\/wp-content\/uploads\/sites\/13\/2025\/05\/Kauno-gimtadienis-11-300x200.jpg 300w, https:\/\/www.kaunas.lt\/wp-content\/uploads\/sites\/13\/2025\/05\/Kauno-gimtadienis-11-1024x681.jpg 1024w, https:\/\/www.kaunas.lt\/wp-content\/uploads\/sites\/13\/2025\/05\/Kauno-gimtadienis-11-768x511.jpg 768w, https:\/\/www.kaunas.lt\/wp-content\/uploads\/sites\/13\/2025\/05\/Kauno-gimtadienis-11-1536x1022.jpg 1536w, https:\/\/www.kaunas.lt\/wp-content\/uploads\/sites\/13\/2025\/05\/Kauno-gimtadienis-11-2048x1363.jpg 2048w, https:\/\/www.kaunas.lt\/wp-content\/uploads\/sites\/13\/2025\/05\/Kauno-gimtadienis-11-720x480.jpg 720w\" sizes=\"(max-width: 2560px) 100vw, 2560px\"\/><\/p>\n<div id=\"ez-toc-container\" class=\"ez-toc-v2_0_82_2 counter-hierarchy ez-toc-counter ez-toc-grey ez-toc-container-direction\">\n<div class=\"ez-toc-title-container\">\n<p class=\"ez-toc-title\" style=\"cursor:inherit\">Turinys:<\/p>\n<span class=\"ez-toc-title-toggle\"><a href=\"#\" class=\"ez-toc-pull-right ez-toc-btn ez-toc-btn-xs ez-toc-btn-default ez-toc-toggle\" aria-label=\"Toggle Table of Content\"><span class=\"ez-toc-js-icon-con\"><span class=\"\"><span class=\"eztoc-hide\" style=\"display:none;\">Toggle<\/span><span class=\"ez-toc-icon-toggle-span\"><svg style=\"fill: #999;color:#999\" xmlns=\"http:\/\/www.w3.org\/2000\/svg\" class=\"list-377408\" width=\"20px\" height=\"20px\" viewBox=\"0 0 24 24\" fill=\"none\"><path d=\"M6 6H4v2h2V6zm14 0H8v2h12V6zM4 11h2v2H4v-2zm16 0H8v2h12v-2zM4 16h2v2H4v-2zm16 0H8v2h12v-2z\" fill=\"currentColor\"><\/path><\/svg><svg style=\"fill: #999;color:#999\" class=\"arrow-unsorted-368013\" xmlns=\"http:\/\/www.w3.org\/2000\/svg\" width=\"10px\" height=\"10px\" viewBox=\"0 0 24 24\" version=\"1.2\" baseProfile=\"tiny\"><path d=\"M18.2 9.3l-6.2-6.3-6.2 6.3c-.2.2-.3.4-.3.7s.1.5.3.7c.2.2.4.3.7.3h11c.3 0 .5-.1.7-.3.2-.2.3-.5.3-.7s-.1-.5-.3-.7zM5.8 14.7l6.2 6.3 6.2-6.3c.2-.2.3-.5.3-.7s-.1-.5-.3-.7c-.2-.2-.4-.3-.7-.3h-11c-.3 0-.5.1-.7.3-.2.2-.3.5-.3.7s.1.5.3.7z\"\/><\/svg><\/span><\/span><\/span><\/a><\/span><\/div>\n<nav><ul class='ez-toc-list ez-toc-list-level-1 ' ><li class='ez-toc-page-1 ez-toc-heading-level-2'><a class=\"ez-toc-link ez-toc-heading-1\" href=\"https:\/\/paskutinenaujiena.lt\/index.php\/2025\/05\/23\/kaunas-kviecia-i-617-aji-gimtadieni\/#Pramogu_erdves\" >Pramog\u0173 erdv\u0117s<\/a><\/li><li class='ez-toc-page-1 ez-toc-heading-level-2'><a class=\"ez-toc-link ez-toc-heading-2\" href=\"https:\/\/paskutinenaujiena.lt\/index.php\/2025\/05\/23\/kaunas-kviecia-i-617-aji-gimtadieni\/#Kvies_sportuoti_ir_svesti\" >Kvies sportuoti ir \u0161v\u0119sti<\/a><\/li><li class='ez-toc-page-1 ez-toc-heading-level-2'><a class=\"ez-toc-link ez-toc-heading-3\" href=\"https:\/\/paskutinenaujiena.lt\/index.php\/2025\/05\/23\/kaunas-kviecia-i-617-aji-gimtadieni\/#Skambios_dovanos\" >Skambios dovanos<\/a><\/li><\/ul><\/nav><\/div>\n<h2><span class=\"ez-toc-section\" id=\"Pramogu_erdves\"><\/span>Pramog\u0173 erdv\u0117s<span class=\"ez-toc-section-end\"><\/span><\/h2>\n<p>Kauno pilies lomoje \u012fsikurs Sen\u0173j\u0173 amat\u0173 mug\u0117 ir Viduram\u017ei\u0173 miestelis. Jis kvies prisiminti Lietuvos istorij\u0105, i\u0161bandyti \u012fvairius amatus: puod\u0173 \u017eiedim\u0105, lank\u0173 gaminim\u0105, audim\u0105, odos apdirbim\u0105.<\/p>\n<p>\u010cia pat vyks ir Tarptautinio kunigaik\u0161\u010dio Vaidoto riteri\u0173 turnyro kovos. Lankytoj\u0173 d\u0117mes\u012f prikaustys \u012fsp\u016bdingi vaizdai bei autenti\u0161ki kostiumai. \u017dirg\u0173 myl\u0117tojai tur\u0117t\u0173 nepraleisti sekmadien\u012f vyksian\u010dio tarptautinio raiteli\u0173 turnyro.<\/p>\n<p>Dar viena Kauno miesto gimtadienio organizatori\u0173 dovana \u2013 senovini\u0173 automobili\u0173 paradas. Retro automobiliai nepaliks abejing\u0173 \u2013 nuo aistruoli\u0173 iki kolekcionieri\u0173.<\/p>\n<p>Turizmo pakrant\u0117 kvies \u012f susitikimus ir \u012fkv\u0117ps pamilti Kaun\u0105 i\u0161 naujo: lauks miesto istorijos perlai, nauj\u0173 mar\u0161rut\u0173 paie\u0161ka, edukacijos vaikams ir suaugusiesiems.<\/p>\n<h2><strong style=\"font-size: 16px\"><img loading=\"lazy\" decoding=\"async\" class=\"alignnone size-full wp-image-192908\" src=\"https:\/\/www.kaunas.lt\/wp-content\/uploads\/sites\/13\/2025\/05\/Kauno-gimtadienis-10-scaled.jpg\" alt=\"\" width=\"2560\" height=\"1703\" srcset=\"https:\/\/www.kaunas.lt\/wp-content\/uploads\/sites\/13\/2025\/05\/Kauno-gimtadienis-10-scaled.jpg 2560w, https:\/\/www.kaunas.lt\/wp-content\/uploads\/sites\/13\/2025\/05\/Kauno-gimtadienis-10-300x200.jpg 300w, https:\/\/www.kaunas.lt\/wp-content\/uploads\/sites\/13\/2025\/05\/Kauno-gimtadienis-10-1024x681.jpg 1024w, https:\/\/www.kaunas.lt\/wp-content\/uploads\/sites\/13\/2025\/05\/Kauno-gimtadienis-10-768x511.jpg 768w, https:\/\/www.kaunas.lt\/wp-content\/uploads\/sites\/13\/2025\/05\/Kauno-gimtadienis-10-1536x1022.jpg 1536w, https:\/\/www.kaunas.lt\/wp-content\/uploads\/sites\/13\/2025\/05\/Kauno-gimtadienis-10-2048x1363.jpg 2048w, https:\/\/www.kaunas.lt\/wp-content\/uploads\/sites\/13\/2025\/05\/Kauno-gimtadienis-10-720x480.jpg 720w\" sizes=\"auto, (max-width: 2560px) 100vw, 2560px\"\/><\/strong><\/h2>\n<h2><span class=\"ez-toc-section\" id=\"Kvies_sportuoti_ir_svesti\"><\/span>Kvies sportuoti ir \u0161v\u0119sti<span class=\"ez-toc-section-end\"><\/span><\/h2>\n<p>\u0160e\u0161tadien\u012f sporto erdv\u0117je vis\u0105 dien\u0105 Senosios prieplaukos amfiteatre vyks tarptautin\u0117s gali\u016bn\u0173 var\u017eybos \u201ePasaulio komandin\u0117 taur\u0117 2025\u201c. Krep\u0161inio m\u0117g\u0117jai jau dabar gali registruotis \u012f 3\u00d73 krep\u0161inio turnyrus, vyksian\u010dius krep\u0161inio aik\u0161tel\u0117je ties Lietuvos krep\u0161inio namais.<\/p>\n<p>Antr\u0105j\u0105 Kauno gimtadienio dien\u0105 vandens pramog\u0173 entuziastai leisis \u012f jau tradicija tapusi kelion\u0119 Nemunu. Pasirinkta vandens transporto priemone kvie\u010diama prisid\u0117ti prie iniciatyvos \u201e\u0160v\u0119skime up\u0119\u201c. \u012etraukian\u010di\u0173 nuotyki\u0173 kupinas mar\u0161rutas vingiuos pro Panemun\u0119, \u0160an\u010dius, Nemuno sal\u0105 iki pat Santakos. Po yri\u0173 organizatoriai kvies atgauti j\u0117gas pirtyje ir kubile. Planuojamas fini\u0161as ir finalinis renginys Nemuno pakrant\u0117je \u2013 16 val.<\/p>\n<p>Santakos parko \u0160eim\u0173 erdv\u0117je visas tris dienas taip pat netr\u016bks \u0161urmulio. \u010cia veiks batut\u0173 ir pramog\u0173 parkas, sald\u0117si\u0173 mug\u0117, o vakare u\u017esukti kvies \u0161viesos mi\u0161kas. Instaliacijos gimtadienio sve\u010di\u0173 lauks parkelyje, prie Nemuno pakrant\u0117s, tarp vaik\u0173 erdv\u0117s ir POP scenos. Pasinerkite \u012f nuotykius kiekvien\u0105 vakar\u0105 nuo 22 val.<\/p>\n<p><img loading=\"lazy\" decoding=\"async\" class=\"alignnone size-full wp-image-192909\" src=\"https:\/\/www.kaunas.lt\/wp-content\/uploads\/sites\/13\/2025\/05\/Kauno-gimtadienis-4-scaled.jpg\" alt=\"\" width=\"2560\" height=\"1703\" srcset=\"https:\/\/www.kaunas.lt\/wp-content\/uploads\/sites\/13\/2025\/05\/Kauno-gimtadienis-4-scaled.jpg 2560w, https:\/\/www.kaunas.lt\/wp-content\/uploads\/sites\/13\/2025\/05\/Kauno-gimtadienis-4-300x200.jpg 300w, https:\/\/www.kaunas.lt\/wp-content\/uploads\/sites\/13\/2025\/05\/Kauno-gimtadienis-4-1024x681.jpg 1024w, https:\/\/www.kaunas.lt\/wp-content\/uploads\/sites\/13\/2025\/05\/Kauno-gimtadienis-4-768x511.jpg 768w, https:\/\/www.kaunas.lt\/wp-content\/uploads\/sites\/13\/2025\/05\/Kauno-gimtadienis-4-1536x1022.jpg 1536w, https:\/\/www.kaunas.lt\/wp-content\/uploads\/sites\/13\/2025\/05\/Kauno-gimtadienis-4-2048x1363.jpg 2048w, https:\/\/www.kaunas.lt\/wp-content\/uploads\/sites\/13\/2025\/05\/Kauno-gimtadienis-4-720x480.jpg 720w\" sizes=\"auto, (max-width: 2560px) 100vw, 2560px\"\/><\/p>\n<h2><span class=\"ez-toc-section\" id=\"Skambios_dovanos\"><\/span>Skambios dovanos<span class=\"ez-toc-section-end\"><\/span><\/h2>\n<p>\u0160iemet net trys \u0161ventin\u0117s Santakos parko scenos dedikuotos k\u016brybai ir muzikai. Kamerin\u0117je erdv\u0117je penktadien\u012f, 18 val., startuos \u201eBandFest\u2018as\u201c \u2013 profesionali\u0173 pu\u010diam\u0173j\u0173 orkestr\u0173 koncertas.<\/p>\n<p>\u0160e\u0161tadienio ir sekmadienio vakar\u0105 \u010dia skamb\u0117s klasikin\u0117 muzika po atviru dangumi, bus rodomi nemokami \u201eKino pavasario\u201c seansai. Sekmadienio popiet\u0119 pasirodys bendruomeni\u0173 meno kolektyvai.<\/p>\n<p>POP ir Jaunimo scenose vyks \u017einom\u0173 atlik\u0117j\u0173 koncertai: muzikinius k\u016brinius susirinkusiems dovanos Linas Adomaitis ir choras \u201eGospelJonai\u201c, Donatas Montvydas, \u201eTen Walls x GOYA\u201c, \u201eFree Finga\u201c, \u201eProflame\u201c, \u201eHiperbol\u0117s legendos\u201c ir kiti muzikantai.<\/p>\n<p>\u0160vent\u0117s dalyvi\u0173 patogumui Nemuno ir Neries santakos ky\u0161ulyje \u012fsikurs \u201eOpen Kitchen\u201c erdv\u0117. Ji kvies paragauti ne tik vietin\u0117s, bet ir pasaulin\u0117s virtuv\u0117s skan\u0117st\u0173, vyks prekyba maistu ir g\u0117rimais.<\/p>\n<p>I\u0161sami programa<strong>: Kaunas.lt<\/strong><\/p>\n<p style=\"text-align: right\"><em>Ry\u0161i\u0173 su visuomene skyriaus informacija<\/em><\/p>\n<\/p>\n<\/p><\/div>\n<p><script>\n(function(d, s, id) {\n  var js, fjs = d.getElementsByTagName(s)(0);\n  if (d.getElementById(id)) return;\n  js = d.createElement(s); js.id = id;\n  js.src = \"\/\/connect.facebook.net\/lt_LT\/sdk.js#xfbml=1&version=v2.5&appId=118913718193570\";\n  fjs.parentNode.insertBefore(js, fjs);\n}(document, 'script', 'facebook-jssdk'));<\/script><script>(function(d, s, id) {\n\t\t\t\t\t\t\t\t\t\t\t  var js, fjs = d.getElementsByTagName(s)(0);\n\t\t\t\t\t\t\t\t\t\t\t  if (d.getElementById(id)) return;\n\t\t\t\t\t\t\t\t\t\t\t  js = d.createElement(s); js.id = id;\n\t\t\t\t\t\t\t\t\t\t\t  js.src = \"\/\/connect.facebook.net\/lt_LT\/sdk.js#xfbml=1&version=v2.3&appId=118913718193570\";\n\t\t\t\t\t\t\t\t\t\t\t  fjs.parentNode.insertBefore(js, fjs);\n\t\t\t\t\t\t\t\t\t\t\t}(document, 'script', 'facebook-jssdk'));\n\t\t\t\t\t\t\t\t\t\t\t<\/script><a href=\"https:\/\/www.kaunas.lt\/2025\/05\/22\/triju-dienu-sventiniu-renginiu-fiesta-kaunas-kviecia-i-617-aji-gimtadieni\/\"> Nuoroda \u012f informacijos \u0161altin\u012f <\/a><\/p>\n","protected":false},"excerpt":{"rendered":"<p>Prad\u017eia Naujienos Trij\u0173 dien\u0173 \u0161ventini\u0173 rengini\u0173 fiesta: Kaunas kvie\u010dia \u012f 617-\u0105j\u012f gimtadien\u012f Paskelbta: 2025-05-22 (Ketvirtadienis) \u201eKaunas d\u017eiaugiasi!\u201d \u2013 tokiu \u0161\u016bkiu miestas pasitinka savo 617-\u0105j\u012f gimtadien\u012f. Gegu\u017e\u0117s 23\u201325 d. kaunie\u010diai ir miesto sve\u010diai kvie\u010diami pasinerti \u012f \u012ftraukian\u010dias pramog\u0173, edukacij\u0173 ir muzikos erdves Santakos parke. Viduram\u017ei\u0173 miestelis, turizmo pakrant\u0117, sporto turnyrai, \u0161viesos instaliacijos bei koncertai \u2013 visa [&hellip;]<\/p>\n","protected":false},"author":1,"featured_media":2231,"comment_status":"","ping_status":"","sticky":false,"template":"","format":"standard","meta":{"om_disable_all_campaigns":false,"_monsterinsights_skip_tracking":false,"_monsterinsights_sitenote_active":false,"_monsterinsights_sitenote_note":"","_monsterinsights_sitenote_category":0,"footnotes":""},"categories":[3],"tags":[4453,3051,1673,1624],"class_list":["post-2230","post","type-post","status-publish","format-standard","has-post-thumbnail","hentry","category-salies-naujienos","tag-617aji","tag-gimtadieni","tag-kaunas","tag-kviecia"],"aioseo_notices":[],"_links":{"self":[{"href":"https:\/\/paskutinenaujiena.lt\/index.php\/wp-json\/wp\/v2\/posts\/2230","targetHints":{"allow":["GET"]}}],"collection":[{"href":"https:\/\/paskutinenaujiena.lt\/index.php\/wp-json\/wp\/v2\/posts"}],"about":[{"href":"https:\/\/paskutinenaujiena.lt\/index.php\/wp-json\/wp\/v2\/types\/post"}],"author":[{"embeddable":true,"href":"https:\/\/paskutinenaujiena.lt\/index.php\/wp-json\/wp\/v2\/users\/1"}],"replies":[{"embeddable":true,"href":"https:\/\/paskutinenaujiena.lt\/index.php\/wp-json\/wp\/v2\/comments?post=2230"}],"version-history":[{"count":0,"href":"https:\/\/paskutinenaujiena.lt\/index.php\/wp-json\/wp\/v2\/posts\/2230\/revisions"}],"wp:featuredmedia":[{"embeddable":true,"href":"https:\/\/paskutinenaujiena.lt\/index.php\/wp-json\/wp\/v2\/media\/2231"}],"wp:attachment":[{"href":"https:\/\/paskutinenaujiena.lt\/index.php\/wp-json\/wp\/v2\/media?parent=2230"}],"wp:term":[{"taxonomy":"category","embeddable":true,"href":"https:\/\/paskutinenaujiena.lt\/index.php\/wp-json\/wp\/v2\/categories?post=2230"},{"taxonomy":"post_tag","embeddable":true,"href":"https:\/\/paskutinenaujiena.lt\/index.php\/wp-json\/wp\/v2\/tags?post=2230"}],"curies":[{"name":"wp","href":"https:\/\/api.w.org\/{rel}","templated":true}]}}