{"id":2045,"date":"2025-02-10T08:23:29","date_gmt":"2025-02-10T08:23:29","guid":{"rendered":"https:\/\/paskutinenaujiena.lt\/index.php\/2025\/02\/10\/muzikos-sale-svencia-desimtmeti-keturiu-dienu-programoje-beveik-70-renginiu\/"},"modified":"2025-02-10T08:23:29","modified_gmt":"2025-02-10T08:23:29","slug":"muzikos-sale-svencia-desimtmeti-keturiu-dienu-programoje-beveik-70-renginiu","status":"publish","type":"post","link":"https:\/\/paskutinenaujiena.lt\/index.php\/2025\/02\/10\/muzikos-sale-svencia-desimtmeti-keturiu-dienu-programoje-beveik-70-renginiu\/","title":{"rendered":"\u201eMuzikos sal\u0117\u201c \u0161ven\u010dia de\u0161imtmet\u012f: keturi\u0173 dien\u0173 programoje \u2013 beveik 70 rengini\u0173"},"content":{"rendered":"<p> <br \/>\n<\/p>\n<p><\/p>\n<p>\u0160iemet AGATA \u201eMuzikos sal\u0117\u201c \u017eada dar daugiau veiksmo: 26 koncertai, 27 pokalbiai su Lietuvos muzikos atlik\u0117jais ir beveik 90 stend\u0173, kuriuose muzikos naujienas pristatys daugiau nei 200 dalyvi\u0173.<\/p>\n<p>Vasario 27-kovo 2 d. vyksian\u010dios meloman\u0173 \u0161vent\u0117s akcentu taps dinami\u0161kai muzikos industrijai skirtos diskusijos, kuri\u0173 bus net 13.<\/p>\n<figure id=\"attachment_300093\" aria-describedby=\"caption-attachment-300093\" style=\"width: 1230px\" class=\"wp-caption aligncenter\"><img decoding=\"async\" loading=\"lazy\" class=\"size-full wp-image-300093\" src=\"https:\/\/miestonaujienos.lt\/wp-content\/uploads\/2025\/02\/muzikos-sale.jpg\" alt=\"\" width=\"1230\" height=\"692\" \/><figcaption id=\"caption-attachment-300093\" class=\"wp-caption-text\">Muzikos sale\u0307<\/figcaption><\/figure>\n<p>Nepamir\u0161tamus muzikinius \u012fsp\u016bd\u017eius dovanojanti \u201eMuzikos sal\u0117\u201c organizuojama de\u0161imt\u0105 kart\u0105. Keturioms dienoms jos erdv\u0117s tampa lietuvi\u0161kos muzikos namais, kur susirenka visi \u2013 nuo pradedan\u010di\u0173 atlik\u0117j\u0173 iki scenos veteran\u0173, nuo \u0161iuolaikin\u0117s operos iki funko muzikos atlik\u0117j\u0173.<\/p>\n<blockquote>\n<p>\u201eKiekvienais metais sutinki tuos pa\u010dius \u017emones, bet visi jie jau kitokie, nes tie metai ka\u017ek\u0105 \u012fkvepia, ka\u017ek\u0105 pakei\u010dia. Prie\u0161 kelet\u0105 met\u0173 \u201eMuzikos sal\u0117je\u201c grojau su grupe \u201eFlash Voyage\u201c, susipa\u017einome su kitais muzikantais. Po ketveri\u0173 met\u0173 sugr\u012f\u017eau kaip solo atlik\u0117jas ir buvo toks wow, kiek daug visi paaug\u0119, kokie pasikeit\u0119. Gera matyti, kad ir tu esi \u0161itoje kelion\u0117je su daug gra\u017ei\u0173 meninink\u0173, kurie irgi vystosi ir kei\u010diasi. I\u0161 j\u0173 gali ka\u017eko i\u0161mokti per tas kelias dienas\u201c, \u2013 sak\u0117 atlik\u0117jas Germanas Da\u0161kevi\u010dius-Gamka.<\/p>\n<\/blockquote>\n<p>Pasak jo, \u201eMuzikos sal\u0117\u201c yra didel\u0117 bendruomen\u0117s \u0161vent\u0117, kai susitinka kolegos muzikantai bei leidybinio ir koncertinio pasaulio atstovai ir kelias dienas skiria tik muzikai: \u012fvertina vieni kit\u0173 darbus, diskutuoja, pasidalina gra\u017eiais ir \u012fkvepian\u010diais \u017eod\u017eiais, o kartais \u2013 galb\u016bt net ir kritika.<\/p>\n<p>\u201eMuzikos sal\u0117\u201c yra gra\u017ei vieta, kur yra daug asmeninio bendravimo. Ten yra labai gera vieta ateiti ir susipa\u017einti su visais, nes tai yra gan\u0117tinai laisvas klimatas, kur visi gali u\u017ekalbinti savo m\u0117gstamus muzikantus, u\u017eduoti jiems klausimus:<\/p>\n<blockquote>\n<p>\u201eMan ta ir ta j\u016bs\u0173 daina patiko, kaip j\u016bs j\u0105 para\u0161\u0117te?\u201c Galb\u016bt ne visada sulauks atsakym\u0173 ar kai kurie atsakymai jiems nepatiks, bet tai yra vieta laisvei\u201c, \u2013 kalb\u0117jo \u0161iuo metu gyvam pasirodymui \u201eMuzikos sal\u0117je\u201c besiruo\u0161iantis Gamka.<\/p>\n<\/blockquote>\n<figure id=\"attachment_300095\" aria-describedby=\"caption-attachment-300095\" style=\"width: 1230px\" class=\"wp-caption aligncenter\"><img decoding=\"async\" loading=\"lazy\" class=\"size-full wp-image-300095\" src=\"https:\/\/miestonaujienos.lt\/wp-content\/uploads\/2025\/02\/muzikos-sale-nendres-zilinskaites-nuotr.jpg\" alt=\"\" width=\"1230\" height=\"818\" \/><figcaption id=\"caption-attachment-300095\" class=\"wp-caption-text\">Muzikos sale\u0307 | Nendre\u0307s Z\u030cilinskaite\u0307s nuotr. \u2013 Autoriaus pateikta iliustracija<\/figcaption><\/figure>\n<p>\u0160iemet koncertin\u0117je scenoje taip pat pasirodys Jurga \u0160eduikyt\u0117, D\u017eiugas Joneikis, Virgis Stak\u0117nas, grup\u0117s \u201eSHWR\u201c, \u201eGin\u2018Gas\u201c, \u201eNouvelle\u201c, \u201eDespotin Fam\u201c, \u201eKnyg\u0173 vaikai\u201c ir kiti.<\/p>\n<p>Pokalbi\u0173 scenoje bus galima i\u0161girsti pokalbius su Silvester Belt, Monika Liu, Petunija, \u0160ventiniu bankuchenu, Vidu Bareikiu, grupi\u0173 \u201eSolo ansamblis\u201c, \u201ejaut\u00ec\u201c, \u201eAbudu\u201c, \u201eKontrabanda\u201c nariais ir kt.<\/p>\n<p>Per de\u0161imtmet\u012f \u201eMuzikos sal\u0117\u201c \u012fsitvirtino kaip vienas pagrindini\u0173 muzikos industrijos tendencijas, inovacijas ir poky\u010dius pristatan\u010di\u0173 rengini\u0173 Lietuvoje. \u0160i\u0173 met\u0173 diskusij\u0173 programoje muzikos profesional\u0173 lauks \u012fkvepiantys pokalbiai apie muzikos komunikacij\u0105, skaitmenines platformas, techninius sprendimus scenoje, ly\u010di\u0173 lygyb\u0119 muzikoje ir daugiau.<\/p>\n<p>Garso kokybei ir muzikos \u012fra\u0161ymo procesams skirt\u0105 praktin\u012f seminar\u0105 ves \u201eGrammy\u201c nominantai Aleksandra ir Vilius Kerai. \u0160i\u0173 met\u0173 \u201eMuzikos sal\u0117\u201c taip pat \u017eymi AGATA bendradarbiavimo su muzikos festivaliu \u201eWhat\u2019s Next in Music\u201c prad\u017ei\u0105 \u2013 programoje suplanuotos keturios specialios diskusijos apie vinil\u0173 gamyb\u0105 ir platinim\u0105, muzikos kritik\u0105 bei muzikos ir \u017eaidim\u0173 s\u0105veik\u0105.<\/p>\n<p>Vinil\u0173 gerb\u0117jus muzikos \u012fra\u0161\u0173 mug\u0117je pasitiks daug naujien\u0173, tarp kuri\u0173 \u2013 \u201eDelfin\u0173\u201c, D\u017eordanos Butkut\u0117s, Gabriel\u0117s Vilkickyt\u0117s, \u201eKamani\u0173 \u0161ilelio\u201c, \u201eAnties\u201c, \u201eLemon Joy\u201c, \u201eAtikos\u201c \u201eMcLoud\u201c, Paulinos Pauk\u0161taityt\u0117s vinilin\u0117s plok\u0161tel\u0117s.<\/p>\n<figure id=\"attachment_300094\" aria-describedby=\"caption-attachment-300094\" style=\"width: 1230px\" class=\"wp-caption aligncenter\"><img decoding=\"async\" loading=\"lazy\" class=\"size-full wp-image-300094\" src=\"https:\/\/miestonaujienos.lt\/wp-content\/uploads\/2025\/02\/muzikos-sale-dainiaus-ceplos-nuotr.jpg\" alt=\"\" width=\"1230\" height=\"819\" \/><figcaption id=\"caption-attachment-300094\" class=\"wp-caption-text\">Muzikos Sale\u0307 | Dainiaus C\u030ce\u0307plos nuotr. \u2013 Autoriaus pateikta iliustracija<\/figcaption><\/figure>\n<p>Kaip ir kasmet, \u201eMuzikos sal\u0117je\u201c vyks AGATA apdovanojimai, kuriuose bus \u012fvertintos populiariausios 2024 m. dainos, apdovanoti gra\u017eiausi\u0173 album\u0173 vir\u0161eli\u0173 autoriai bei \u012fteikti Platininiai ir Deimantiniai apdovanojimai klausomiausiems lietuvi\u0173 atlik\u0117j\u0173 albumams.<\/p>\n<blockquote>\n<p>\u201eAuk\u0161\u010diausia kokyb\u0117 mums ne tik siekiamyb\u0117, bet ir kasmet \u012fgyvendinama realyb\u0117. Tobul\u0117jame tiek turiniu, tiek technin\u0117mis galimyb\u0117mis, tiek renginio \u012fgyvendinimu. \u201eMuzikos sal\u0117\u201c kasmet tampa vis stipresne platforma, kurioje susitinka k\u016br\u0117jai, industrijos profesionalai ir klausytojai, o j\u0173 bendradarbiavimas kuria naujas galimybes lietuvi\u0161kos muzikos atei\u010diai\u201c, \u2013 sak\u0117 AGATA direktor\u0117 Agn\u0117 Beget\u0117.<\/p>\n<\/blockquote>\n<p>AGATA \u201eMuzikos sal\u0117\u201c lankytoj\u0173 lauks tarptautin\u0117je Vilniaus knyg\u0173 mug\u0117je, vasario 27- kovo 2 dienomis, Litexpo parod\u0173 ir kongres\u0173 centre, Vilniuje. Rengini\u0173 programa: www.muzikossale.lt<\/p>\n<p>\u0160ia publikacija dalinasi Lietuvos region\u0173 naujien\u0173 portalas \u201eMiesto naujienos\u201c. Daugiau sau ir savo miestui aktuali\u0173 naujien\u0173 rasite portale Miesto naujienos.<\/p>\n<p><br \/>\n<br \/><a href=\"https:\/\/miestonaujienos.lt\/muzikos-sale-svencia-desimtmeti-keturiu-dienu-programoje-beveik-70-renginiu\/\">Source link <\/a><\/p>\n","protected":false},"excerpt":{"rendered":"<p>\u0160iemet AGATA \u201eMuzikos sal\u0117\u201c \u017eada dar daugiau veiksmo: 26 koncertai, 27 pokalbiai su Lietuvos muzikos atlik\u0117jais ir beveik 90 stend\u0173, kuriuose muzikos naujienas pristatys daugiau nei 200 dalyvi\u0173. Vasario 27-kovo 2 d. vyksian\u010dios meloman\u0173 \u0161vent\u0117s akcentu taps dinami\u0161kai muzikos industrijai skirtos diskusijos, kuri\u0173 bus net 13. Muzikos sale\u0307 Nepamir\u0161tamus muzikinius \u012fsp\u016bd\u017eius dovanojanti \u201eMuzikos sal\u0117\u201c organizuojama [&hellip;]<\/p>\n","protected":false},"author":1,"featured_media":2046,"comment_status":"","ping_status":"","sticky":false,"template":"","format":"standard","meta":{"om_disable_all_campaigns":false,"_monsterinsights_skip_tracking":false,"_monsterinsights_sitenote_active":false,"_monsterinsights_sitenote_note":"","_monsterinsights_sitenote_category":0,"footnotes":""},"categories":[1277],"tags":[824,4181,4183,4182,274,4184,1977,4180,1218],"class_list":["post-2045","post","type-post","status-publish","format-standard","has-post-thumbnail","hentry","category-laisvalaikis-ir-kultura","tag-beveik","tag-desimtmeti","tag-dienu","tag-keturiu","tag-muzikos","tag-programoje","tag-renginiu","tag-sale","tag-svencia"],"aioseo_notices":[],"_links":{"self":[{"href":"https:\/\/paskutinenaujiena.lt\/index.php\/wp-json\/wp\/v2\/posts\/2045","targetHints":{"allow":["GET"]}}],"collection":[{"href":"https:\/\/paskutinenaujiena.lt\/index.php\/wp-json\/wp\/v2\/posts"}],"about":[{"href":"https:\/\/paskutinenaujiena.lt\/index.php\/wp-json\/wp\/v2\/types\/post"}],"author":[{"embeddable":true,"href":"https:\/\/paskutinenaujiena.lt\/index.php\/wp-json\/wp\/v2\/users\/1"}],"replies":[{"embeddable":true,"href":"https:\/\/paskutinenaujiena.lt\/index.php\/wp-json\/wp\/v2\/comments?post=2045"}],"version-history":[{"count":0,"href":"https:\/\/paskutinenaujiena.lt\/index.php\/wp-json\/wp\/v2\/posts\/2045\/revisions"}],"wp:featuredmedia":[{"embeddable":true,"href":"https:\/\/paskutinenaujiena.lt\/index.php\/wp-json\/wp\/v2\/media\/2046"}],"wp:attachment":[{"href":"https:\/\/paskutinenaujiena.lt\/index.php\/wp-json\/wp\/v2\/media?parent=2045"}],"wp:term":[{"taxonomy":"category","embeddable":true,"href":"https:\/\/paskutinenaujiena.lt\/index.php\/wp-json\/wp\/v2\/categories?post=2045"},{"taxonomy":"post_tag","embeddable":true,"href":"https:\/\/paskutinenaujiena.lt\/index.php\/wp-json\/wp\/v2\/tags?post=2045"}],"curies":[{"name":"wp","href":"https:\/\/api.w.org\/{rel}","templated":true}]}}