{"id":1946,"date":"2025-01-31T20:04:04","date_gmt":"2025-01-31T20:04:04","guid":{"rendered":"https:\/\/paskutinenaujiena.lt\/index.php\/2025\/01\/31\/ministras-v-kondratovic-dalyvavo-neformalioje-es-vidaus-reikalu-ministru-taryboje-varsuvoje\/"},"modified":"2025-01-31T20:04:04","modified_gmt":"2025-01-31T20:04:04","slug":"ministras-v-kondratovic-dalyvavo-neformalioje-es-vidaus-reikalu-ministru-taryboje-varsuvoje","status":"publish","type":"post","link":"https:\/\/paskutinenaujiena.lt\/index.php\/2025\/01\/31\/ministras-v-kondratovic-dalyvavo-neformalioje-es-vidaus-reikalu-ministru-taryboje-varsuvoje\/","title":{"rendered":"Ministras V. Kondratovi\u010d dalyvavo neformalioje ES vidaus reikal\u0173 ministr\u0173 taryboje Var\u0161uvoje"},"content":{"rendered":"<p> <br \/>\n<\/p>\n<p><\/p>\n<p>Var\u0161uvoje vykusiame neformaliame Europos S\u0105jungos (ES) vidaus reikal\u0173 ministr\u0173 susitikime Lietuvos vidaus reikal\u0173 ministras Vladislav Kondratovi\u010d dalyvavo diskusijose d\u0117l migracijos valdymo, civilin\u0117s saugos stiprinimo bei b\u016bsimos ES vidaus saugumo strategijos.<\/p>\n<p>Ministras V. Kondratovi\u010d pasveikino Lenkij\u0105 prad\u0117jus pirmininkavim\u0105 ir pad\u0117kojo u\u017e \u00a0skiriam\u0105 d\u0117mes\u012f krizi\u0173 valdymui bei visuomen\u0117s atsparumo stiprinimui ES lygiu. Ministras pabr\u0117\u017e\u0117, kad ES turi atlikti visapusi\u0161k\u0105 gr\u0117smi\u0173 vertinim\u0105 ir sudaryti bendr\u0105 saugumo rizik\u0173 \u017eem\u0117lap\u012f, siekiant u\u017etikrinti koordinuot\u0105 ir veiksming\u0105 atsak\u0105 \u012f galimas gr\u0117smes.<\/p>\n<p>\u201eNetur\u0117dami bendro suvokimo apie gr\u0117smes, negalime u\u017etikrinti efektyvaus atsako. Tod\u0117l turime stiprinti bendr\u0105 ES parengt\u012f, investuoti \u012f gyventoj\u0173 informuotum\u0105 ir skatinti savisaugos kult\u016br\u0105. Taip pat b\u016btina sukurti bendr\u0105 ankstyvojo persp\u0117jimo ir informavimo sistem\u0105 su vienu operaciniu centru, kuris leist\u0173 operatyviai reaguoti \u012f krizines situacijas. Be to, turime pl\u0117sti strategin\u012f bendradarbiavim\u0105 su NATO, kad gal\u0117tume veiksmingai atremti bendras saugumo gr\u0117smes\u201c, \u2013 sak\u0117 vidaus reikal\u0173 ministras V. Kondratovi\u010d.<\/p>\n<p>Ministras atkreip\u0117 d\u0117mes\u012f, kad ES vidaus saugumo gr\u0117sm\u0117s tampa vis sud\u0117tingesn\u0117s ir sunkiau prognozuojamos, tod\u0117l naujoji ES vidaus saugumo strategija turi b\u016bti lanksti ir inovatyvi. Jis pabr\u0117\u017e\u0117, kad ES turi stiprinti paj\u0117gumus atpa\u017einti ir reaguoti \u012f prie\u0161i\u0161kus veiksmus, tarp kuri\u0173 dezinformacij\u0105, kritin\u0117s infrastrukt\u016bros atakas ir kibernetines gr\u0117smes. Kibernetinio saugumo srityje reikia stiprinti teis\u0117saugos paj\u0117gumus, investuoti \u012f naujas technologijas ir didinti bendradarbiavim\u0105 su priva\u010diu sektoriumi. Ministras taip pat akcentavo, kad organizuotas nusikalstamumas i\u0161lieka rimta problema, o ES agent\u016bros, tokios kaip Europol ir Frontex, tur\u0117t\u0173 b\u016bti toliau stiprinamos,\u00a0 kad gal\u0117t\u0173 suteikti valstyb\u0117ms nar\u0117ms veiksmingesn\u0119 analitin\u0119, technologin\u0119 ir operatyvin\u0119 param\u0105.<\/p>\n<p>Galiausiai ministras pabr\u0117\u017e\u0117, kad ES vidaus saugumui u\u017etikrinti itin svarbi efektyvi i\u0161or\u0117s sien\u0173 apsauga. Jis pad\u0117kojo Europos Komisijai u\u017e skiriam\u0105 finansin\u0119 param\u0105 ir patikino, jog Lietuva i\u0161lieka tvirtai \u012fsipareigojusi stiprinti ES i\u0161or\u0117s sienos apsaug\u0105.<\/p>\n<p>Kalb\u0117damas apie migracijos valdym\u0105 V. Kondratovi\u010d pasisak\u0117 u\u017e grie\u017et\u0105 ir efektyvi\u0105 neteis\u0117t\u0173 migrant\u0173 gr\u0105\u017einimo politik\u0105. Jis taip pat akcentavo piktnaud\u017eiavimo prieglobs\u010dio teise prevencijos svarb\u0105, ypa\u010d atsi\u017evelgiant \u012f migracijos instrumentalizacijos keliamas gr\u0117smes. Pasak ministro, ES turi ry\u017etingai kovoti su prie\u0161i\u0161k\u0173 veik\u0117j\u0173 bandymais manipuliuoti ES prieglobs\u010dio sistema ir vertyb\u0117mis.<\/p>\n<p>Vizito metu ministras V. Kondratovi\u010d \u00a0su Latvijos, Estijos, Suomijos, Lenkijos, vidaus reikal\u0173 ministrais aptar\u0117 regioninio bendradarbiavimo stiprinim\u0105, pasirengim\u0105 hibridin\u0117ms gr\u0117sm\u0117ms ir kritin\u0117s infrastrukt\u016bros Baltijos j\u016broje saugumo klausimus. Su Danijos Migracijos ir integracijos ministru V. Kondratovi\u010d aptar\u0117 b\u016bsimus Danijos pirmininkavimo prioritetus, su Airijos ir Graikijos ministrais \u2013 b\u016bsimos pirmininkaujan\u010di\u0173 \u0161ali\u0173 trio, kurios dalimi bus ir Lietuva, svarbiausius darbus ir tolesn\u012f bendradarbiavim\u0105. Ministras taip pat susitiko ir vizito \u012f Vilni\u0173 pakviet\u0117 Magnus Brunner &#8211;\u00a0 Europos komisar\u0105, atsaking\u0105 u\u017e vidaus reikalus ir migracij\u0105.<\/p>\n<p>\u0160ia publikacija dalinasi Lietuvos region\u0173 naujien\u0173 portalas \u201eMiesto naujienos\u201c. Daugiau sau ir savo miestui aktuali\u0173 naujien\u0173 rasite portale Miesto naujienos.<\/p>\n<p><br \/>\n<br \/><a href=\"https:\/\/miestonaujienos.lt\/ministras-v-kondratovic-dalyvavo-neformalioje-es-vidaus-reikalu-ministru-taryboje-varsuvoje\/\">Source link <\/a><\/p>\n","protected":false},"excerpt":{"rendered":"<p>Var\u0161uvoje vykusiame neformaliame Europos S\u0105jungos (ES) vidaus reikal\u0173 ministr\u0173 susitikime Lietuvos vidaus reikal\u0173 ministras Vladislav Kondratovi\u010d dalyvavo diskusijose d\u0117l migracijos valdymo, civilin\u0117s saugos stiprinimo bei b\u016bsimos ES vidaus saugumo strategijos. Ministras V. Kondratovi\u010d pasveikino Lenkij\u0105 prad\u0117jus pirmininkavim\u0105 ir pad\u0117kojo u\u017e \u00a0skiriam\u0105 d\u0117mes\u012f krizi\u0173 valdymui bei visuomen\u0117s atsparumo stiprinimui ES lygiu. Ministras pabr\u0117\u017e\u0117, kad ES turi [&hellip;]<\/p>\n","protected":false},"author":1,"featured_media":1947,"comment_status":"","ping_status":"","sticky":false,"template":"","format":"standard","meta":{"om_disable_all_campaigns":false,"_monsterinsights_skip_tracking":false,"_monsterinsights_sitenote_active":false,"_monsterinsights_sitenote_note":"","_monsterinsights_sitenote_category":0,"footnotes":""},"categories":[1260],"tags":[4002,3801,2802,4004,4003,3804,2948,3967,3007],"class_list":["post-1946","post","type-post","status-publish","format-standard","has-post-thumbnail","hentry","category-pasaulis","tag-dalyvavo","tag-kondratovic","tag-ministras","tag-ministru","tag-neformalioje","tag-reikalu","tag-taryboje","tag-varsuvoje","tag-vidaus"],"aioseo_notices":[],"_links":{"self":[{"href":"https:\/\/paskutinenaujiena.lt\/index.php\/wp-json\/wp\/v2\/posts\/1946","targetHints":{"allow":["GET"]}}],"collection":[{"href":"https:\/\/paskutinenaujiena.lt\/index.php\/wp-json\/wp\/v2\/posts"}],"about":[{"href":"https:\/\/paskutinenaujiena.lt\/index.php\/wp-json\/wp\/v2\/types\/post"}],"author":[{"embeddable":true,"href":"https:\/\/paskutinenaujiena.lt\/index.php\/wp-json\/wp\/v2\/users\/1"}],"replies":[{"embeddable":true,"href":"https:\/\/paskutinenaujiena.lt\/index.php\/wp-json\/wp\/v2\/comments?post=1946"}],"version-history":[{"count":0,"href":"https:\/\/paskutinenaujiena.lt\/index.php\/wp-json\/wp\/v2\/posts\/1946\/revisions"}],"wp:featuredmedia":[{"embeddable":true,"href":"https:\/\/paskutinenaujiena.lt\/index.php\/wp-json\/wp\/v2\/media\/1947"}],"wp:attachment":[{"href":"https:\/\/paskutinenaujiena.lt\/index.php\/wp-json\/wp\/v2\/media?parent=1946"}],"wp:term":[{"taxonomy":"category","embeddable":true,"href":"https:\/\/paskutinenaujiena.lt\/index.php\/wp-json\/wp\/v2\/categories?post=1946"},{"taxonomy":"post_tag","embeddable":true,"href":"https:\/\/paskutinenaujiena.lt\/index.php\/wp-json\/wp\/v2\/tags?post=1946"}],"curies":[{"name":"wp","href":"https:\/\/api.w.org\/{rel}","templated":true}]}}