{"id":1678,"date":"2025-01-08T17:58:47","date_gmt":"2025-01-08T17:58:47","guid":{"rendered":"https:\/\/paskutinenaujiena.lt\/index.php\/2025\/01\/08\/sventinis-kaledos-sostineje-2024-laikotarpis-baigesi-magiskos-akimirkos-minios-lankytoju-ir-tarptautinis-ivertinimas\/"},"modified":"2025-01-08T17:58:47","modified_gmt":"2025-01-08T17:58:47","slug":"sventinis-kaledos-sostineje-2024-laikotarpis-baigesi-magiskos-akimirkos-minios-lankytoju-ir-tarptautinis-ivertinimas","status":"publish","type":"post","link":"https:\/\/paskutinenaujiena.lt\/index.php\/2025\/01\/08\/sventinis-kaledos-sostineje-2024-laikotarpis-baigesi-magiskos-akimirkos-minios-lankytoju-ir-tarptautinis-ivertinimas\/","title":{"rendered":"\u0160ventinis \u201eKal\u0117dos sostin\u0117je 2024\u201c laikotarpis baig\u0117si: magi\u0161kos akimirkos, minios lankytoj\u0173 ir tarptautinis \u012fvertinimas"},"content":{"rendered":"<p> <br \/>\n<\/p>\n<div>\n<div id=\"attachment_348509\">\n<p id=\"caption-attachment-348509\">Tradicine Trij\u0173 Karali\u0173 eisena per Vilniaus senamiest\u012f pasibaig\u0117 magi\u0161kas \u201eKal\u0117dos sostin\u0117je 2024\u201c laikotarpis, praturtintas \u012fvairiapuse programa: nuo Kal\u0117d\u0173 miestelio, labdaros mug\u0117s ir \u010diuo\u017eyklos pa\u010dioje miesto \u0161irdyje iki Kaimyn\u0173 Kal\u0117d\u0173, Tarptautin\u0117s Kal\u0117d\u0173 eglut\u0117s, nuotaikingo kal\u0117dinio karavano, interaktyvaus skaitmeninio \u017eem\u0117lapio ir \u0161vies\u0173 bei lazeri\u0173 \u0161ou. Galima tik\u0117tis, kad kitas \u0161ventinis sezonas Vilniuje bus dar \u012fsp\u016bdingesnis \u2013 miestas tituluotas Europos Kal\u0117d\u0173 sostine 2025.<\/p>\n<\/div>\n<blockquote>\n<p>\u201eKal\u0117d\u0173 laikotarpiu kviet\u0117me vilnie\u010dius bei miesto sve\u010dius ir toliau puosel\u0117ti senas bei kurti naujas tradicijas ir patirtis. Siekiame, kad kiekvienas \u0161ventiniame Vilniuje jaust\u0173si jaukiai, \u010dia rast\u0173 ne tik unikalias dovanas, i\u0161skirtines patirtis, bet ir sau priimtiniausi\u0105 b\u016bd\u0105 \u0161v\u0119sti Kal\u0117das, m\u0117gautis j\u0173 dvasia\u201c, \u2013 sako Vilniaus miesto vicemer\u0117 Simona Bieli\u016bn\u0117.<\/p>\n<div class=\"g g-25\">\n<p>MN 15 | Straipsnio vidus 1 pragrafas | 969&#215;200<\/p>\n<\/div>\n<\/blockquote>\n<p>Pasak S. Bieli\u016bn\u0117s, presti\u017einis Europos Kal\u0117d\u0173 sostin\u0117s 2025 titulas \u012ftvirtino ypating\u0105 de\u0161imtme\u010dius Vilniuje kuriam\u0173 ir puosel\u0117jam\u0173 Kal\u0117d\u0173 laikotarpio tradicij\u0173, rengini\u0173 ir pramog\u0173 reik\u0161m\u0119 tiek miestie\u010diams, tiek sostin\u0117s sve\u010diams.<\/p>\n<blockquote>\n<p>\u201e\u0160ventinis Vilniaus veidas \u2013 tai k\u016brybi\u0161kumo, bendruomen\u0117s \u012fsitraukimo ir tradicij\u0173 harmoningas derinys, kur\u012f r\u016bpestingai puosel\u0117jame. Miesto gautas \u201eEuropos Kal\u0117d\u0173 sostin\u0117s 2025\u201c titulas mums, sostin\u0117s gyventojams, yra \u012fvertinimas ir atsakomyb\u0117: parodyti i\u0161skirtin\u012f svetingum\u0105 atvykstantiems miesto sve\u010diams, leisti patirti Kal\u0117d\u0173 laukimo magij\u0105 ir pajusti \u0161ventinio laikotarpio d\u017eiaugsm\u0105\u201c, \u2013 sako festivalio \u201eKal\u0117dos sostin\u0117je\u201c organizatoriaus Vilniaus kult\u016bros centro direktorius Paulius Jurgutis.<\/p>\n<\/blockquote>\n<div id=\"attachment_348511\">\n<figure style=\"width: 2500px\" class=\"wp-caption aligncenter\"><figcaption class=\"wp-caption-text\">Nuotr. S. \u017di\u016bros<\/figcaption><\/figure>\n<\/div>\n<div id=\"ez-toc-container\" class=\"ez-toc-v2_0_82_2 counter-hierarchy ez-toc-counter ez-toc-grey ez-toc-container-direction\">\n<div class=\"ez-toc-title-container\">\n<p class=\"ez-toc-title\" style=\"cursor:inherit\">Turinys:<\/p>\n<span class=\"ez-toc-title-toggle\"><a href=\"#\" class=\"ez-toc-pull-right ez-toc-btn ez-toc-btn-xs ez-toc-btn-default ez-toc-toggle\" aria-label=\"Toggle Table of Content\"><span class=\"ez-toc-js-icon-con\"><span class=\"\"><span class=\"eztoc-hide\" style=\"display:none;\">Toggle<\/span><span class=\"ez-toc-icon-toggle-span\"><svg style=\"fill: #999;color:#999\" xmlns=\"http:\/\/www.w3.org\/2000\/svg\" class=\"list-377408\" width=\"20px\" height=\"20px\" viewBox=\"0 0 24 24\" fill=\"none\"><path d=\"M6 6H4v2h2V6zm14 0H8v2h12V6zM4 11h2v2H4v-2zm16 0H8v2h12v-2zM4 16h2v2H4v-2zm16 0H8v2h12v-2z\" fill=\"currentColor\"><\/path><\/svg><svg style=\"fill: #999;color:#999\" class=\"arrow-unsorted-368013\" xmlns=\"http:\/\/www.w3.org\/2000\/svg\" width=\"10px\" height=\"10px\" viewBox=\"0 0 24 24\" version=\"1.2\" baseProfile=\"tiny\"><path d=\"M18.2 9.3l-6.2-6.3-6.2 6.3c-.2.2-.3.4-.3.7s.1.5.3.7c.2.2.4.3.7.3h11c.3 0 .5-.1.7-.3.2-.2.3-.5.3-.7s-.1-.5-.3-.7zM5.8 14.7l6.2 6.3 6.2-6.3c.2-.2.3-.5.3-.7s-.1-.5-.3-.7c-.2-.2-.4-.3-.7-.3h-11c-.3 0-.5.1-.7.3-.2.2-.3.5-.3.7s.1.5.3.7z\"\/><\/svg><\/span><\/span><\/span><\/a><\/span><\/div>\n<nav><ul class='ez-toc-list ez-toc-list-level-1 ' ><li class='ez-toc-page-1 ez-toc-heading-level-2'><a class=\"ez-toc-link ez-toc-heading-1\" href=\"https:\/\/paskutinenaujiena.lt\/index.php\/2025\/01\/08\/sventinis-kaledos-sostineje-2024-laikotarpis-baigesi-magiskos-akimirkos-minios-lankytoju-ir-tarptautinis-ivertinimas\/#Zaisliuke_patalpinta_naturali_Kaledu_egle\" >\u017daisliuke patalpinta nat\u016brali Kal\u0117d\u0173 egl\u0117<\/a><\/li><li class='ez-toc-page-1 ez-toc-heading-level-2'><a class=\"ez-toc-link ez-toc-heading-2\" href=\"https:\/\/paskutinenaujiena.lt\/index.php\/2025\/01\/08\/sventinis-kaledos-sostineje-2024-laikotarpis-baigesi-magiskos-akimirkos-minios-lankytoju-ir-tarptautinis-ivertinimas\/#Kaledu_tradicijos_susijungia_su_naujovemis\" >Kal\u0117d\u0173 tradicijos susijungia su naujov\u0117mis<\/a><\/li><\/ul><\/nav><\/div>\n<h2 id=\"\u017eaisliuke-patalpinta-nat\u016brali-kal\u0117d\u0173-egl\u0117\"><span class=\"ez-toc-section\" id=\"Zaisliuke_patalpinta_naturali_Kaledu_egle\"><\/span>\u017daisliuke patalpinta nat\u016brali Kal\u0117d\u0173 egl\u0117<span class=\"ez-toc-section-end\"><\/span><\/h2>\n<p>Kal\u0117dinio laikotarpio prad\u017ei\u0105 Vilniuje dar lapkri\u010dio 29 d. paskelb\u0117 \u012f\u017eiebta pagrindin\u0117 miesto Kal\u0117d\u0173 egl\u0117. Nat\u016bral\u0173 med\u012f supo tvarumo principus atspindinti, stilizuota mil\u017eini\u0161ko burbulo formos \u017eaisliuko kompozicija.<\/p>\n<p>Skai\u010diuojama, kad Vilniaus Kal\u0117d\u0173 egl\u0117s \u012f\u017eiebimo \u0161vent\u0117je Katedros aik\u0161t\u0117je t\u0105 vakar\u0105 gal\u0117jo dalyvauti daugiau nei 16 t\u016bkst. \u017emoni\u0173, o bent trumpai tiesiogin\u0119 renginio transliacij\u0105 per LRT televizij\u0105 steb\u0117jo arti 400 t\u016bkst. \u017ei\u016brov\u0173. Dar ma\u017edaug tiek \u017emoni\u0173 apsilank\u0117 aplink egl\u0119 \u012fsik\u016brusiame Kal\u0117d\u0173 miestelyje.<\/p>\n<p>Sostin\u0117s Europos aik\u0161t\u0117je pirm\u0105 kart\u0105 \u012f\u017eiebta ir penki\u0173 metr\u0173 auk\u0161\u010dio Tarptautin\u0117 Vilniaus Kal\u0117d\u0173 eglut\u0117. Jai papuo\u0161ti skirtas dekoracijas savo rankomis k\u016br\u0117 Lietuvoje gyvenantys u\u017esienie\u010diai net i\u0161 19 skirting\u0173 \u0161ali\u0173.<\/p>\n<h2 id=\"kal\u0117d\u0173-tradicijos-susijungia-su-naujov\u0117mis\"><span class=\"ez-toc-section\" id=\"Kaledu_tradicijos_susijungia_su_naujovemis\"><\/span>Kal\u0117d\u0173 tradicijos susijungia su naujov\u0117mis<span class=\"ez-toc-section-end\"><\/span><\/h2>\n<p>Puosel\u0117jant \u0161ventinio laikotarpio tradicijas, Rotu\u0161\u0117je vyko 22-oji Tarptautin\u0117 Kal\u0117d\u0173 labdaros mug\u0117, kurios metu surinkta 136 t\u016bkst. eur\u0173. Gerumo netr\u016bko ir \u0161alia eglut\u0117s Katedros aik\u0161t\u0117je vykusioje akcijoje \u201eMaltie\u010di\u0173 sriuba\u201c.<\/p>\n<p>Nuotaikingame kal\u0117diniame b\u0117gime vakar\u0117jan\u010diame Vilniuje, kuris yra vienas seniausi\u0173 tokio pob\u016bd\u017eio rengini\u0173 \u0161alyje, dalyvavo daugiau nei 3,6 t\u016bkst. sporto entuziast\u0173, tarp j\u0173 ma\u017e\u0173j\u0173 b\u0117gik\u0173 susirinko per pus\u0117 t\u016bkstan\u010dio. Per truput\u012f daugiau nei m\u0117nes\u012f laiko, tradicinis Kal\u0117d\u0173 traukinukas atliko daugiau nei 600 kelioni\u0173 po \u0161ventin\u012f Senamiest\u012f, kuri\u0173 d\u017eiaugsm\u0105 patyr\u0117 beveik 12 t\u016bkst. keleivi\u0173, o Kal\u0117dinis dizaino skveras sub\u016br\u0117 daugiau nei 40 k\u016br\u0117j\u0173 i\u0161 Baltijos \u0161ali\u0173 ir Ispanijos.<\/p>\n<p>Pirm\u0105 kart\u0105 kal\u0117dinei \u010diuo\u017eyklai \u201eVilniaus ledas\u201c \u012fsik\u016brus Rotu\u0161\u0117s aik\u0161t\u0117je, pramogas ant ledo jau i\u0161band\u0117 daugiau nei 30 t\u016bkst. sostin\u0117s gyventoj\u0173 ir sve\u010di\u0173. Unikali \u010diuo\u017eykla net sulauk\u0117 tarptautinio pripa\u017einimo \u2013 buvo paskelbta viena i\u0161 Tarptautin\u0117s \u010diuo\u017eimo s\u0105jungos (ISU) kasmet rengiamos Tarptautin\u0117s \u010diuo\u017eimo dienos lokacij\u0173.<\/p>\n<p>Pra\u0117jusiais metais pristatyta iniciatyva \u201eKaimyn\u0173 Kal\u0117dos\u201c ir \u0161iemet aplank\u0117 visas sostin\u0117s seni\u016bnijas, kuriose gyventojams i\u0161dalinta daugiau nei 6 t\u016bkst. puodeli\u0173 kar\u0161t\u0173 g\u0117rim\u0173 ir beveik 1 ton\u0105 spurgy\u010di\u0173. \u0160ventiniu laikotarpiu duris atv\u0117r\u0117 ir Prezidento r\u016bm\u0173 vidinis kiemas bei istorinis parkas, kuriame kiekvien\u0105 advento sekmadien\u012f vyko chor\u0173 pasirodymai.<\/p>\n<div id=\"attachment_348510\">\n<figure style=\"width: 2500px\" class=\"wp-caption aligncenter\"><img decoding=\"async\" loading=\"lazy\" src=\"https:\/\/vilnius.lt\/wp-content\/uploads\/2025\/01\/Kaimynu-Kaledos-2.jpg\" alt=\"\" width=\"2500\" height=\"1667\" aria-describedby=\"caption-attachment-348510\"\/><figcaption class=\"wp-caption-text\">Nuotr. S. \u017di\u016bros<\/figcaption><\/figure>\n<\/div>\n<p>Vilniuje netr\u016bko ir staigmen\u0173. Vien\u0105 ryt\u0105 \u0161ildan\u010diais megztiniais pasidabino net keliolika sostin\u0117s meno objekt\u0173 \u2013 nuo Kunigaik\u0161\u010dio Gedimino ir \u017demait\u0117s, iki U\u017eupio undin\u0117l\u0117s ir \u017dibintininko.<\/p>\n<p>Atrasti visas mezginiais papuo\u0161tas skulpt\u016bras ir kitas po miest\u0105 i\u0161sibars\u010diusias kal\u0117dines erdves pad\u0117jo Vilniaus turizmo ir verslo pl\u0117tros agent\u016bros \u201eGo Vilnius\u201c sukurtas interaktyvus skaitmeninis \u017eem\u0117lapis.<\/p>\n<p>Naujuosius metus prie Varpin\u0117s bok\u0161to Katedros aik\u0161t\u0117je, skai\u010diuojama, sutiko beveik 18 t\u016bkst. miestie\u010di\u0173 ir sve\u010di\u0173, kurie susirinko pasigro\u017e\u0117ti \u012fsp\u016bdinga \u0161vies\u0173 instaliacija ir lazeri\u0173 \u0161ou. Sausio 6-\u0105j\u0105 kal\u0117din\u012f laikotarp\u012f Vilniuje tradici\u0161kai u\u017ebaig\u0117 Trij\u0173 Karali\u0173 eisena.<\/p>\n<p>Daugiau informacijos ir nuotrauk\u0173 galerij\u0105 galite rasti kaledossostineje.lt.<\/p>\n<p><span style=\"font-size: 10pt;\"><em>\u2022 Komunikacijos skyrius, vrt@vilnius.lt<\/em><\/span><\/p>\n<div class=\"g g-43\">\n<div class=\"g-single a-213\"><img decoding=\"async\" src=\"https:\/\/miestonaujienos.lt\/wp-content\/uploads\/2015\/12\/pranesimu-spaudai-platinimas.jpg\" width=\"100%\"\/><\/div>\n<\/div>\n<\/div>\n<p><script>(function(d, s, id) {\nvar js, fjs = d.getElementsByTagName(s)(0);\nif (d.getElementById(id)) return;\njs = d.createElement(s); js.id = id;\njs.src = \"\/\/connect.facebook.net\/lt_LT\/sdk.js#xfbml=1&version=v2.10\";\nfjs.parentNode.insertBefore(js, fjs);\n}(document, 'script', 'facebook-jssdk'));<\/script><br \/>\n<br \/><br \/>\n<br \/><a href=\"https:\/\/miestonaujienos.lt\/sventinis-kaledos-sostineje-2024-laikotarpis-baigesi-magiskos-akimirkos-minios-lankytoju-ir-tarptautinis-ivertinimas\/\">Source link <\/a><\/p>\n","protected":false},"excerpt":{"rendered":"<p>Tradicine Trij\u0173 Karali\u0173 eisena per Vilniaus senamiest\u012f pasibaig\u0117 magi\u0161kas \u201eKal\u0117dos sostin\u0117je 2024\u201c laikotarpis, praturtintas \u012fvairiapuse programa: nuo Kal\u0117d\u0173 miestelio, labdaros mug\u0117s ir \u010diuo\u017eyklos pa\u010dioje miesto \u0161irdyje iki Kaimyn\u0173 Kal\u0117d\u0173, Tarptautin\u0117s Kal\u0117d\u0173 eglut\u0117s, nuotaikingo kal\u0117dinio karavano, interaktyvaus skaitmeninio \u017eem\u0117lapio ir \u0161vies\u0173 bei lazeri\u0173 \u0161ou. Galima tik\u0117tis, kad kitas \u0161ventinis sezonas Vilniuje bus dar \u012fsp\u016bdingesnis \u2013 miestas [&hellip;]<\/p>\n","protected":false},"author":1,"featured_media":1679,"comment_status":"","ping_status":"","sticky":false,"template":"","format":"standard","meta":{"om_disable_all_campaigns":false,"_monsterinsights_skip_tracking":false,"_monsterinsights_sitenote_active":false,"_monsterinsights_sitenote_note":"","_monsterinsights_sitenote_category":0,"footnotes":""},"categories":[1277],"tags":[326,29,3472,2454,3469,3471,2453,3470,2537,3468,1345],"class_list":["post-1678","post","type-post","status-publish","format-standard","has-post-thumbnail","hentry","category-laisvalaikis-ir-kultura","tag-akimirkos","tag-baigesi","tag-ivertinimas","tag-kaledos","tag-laikotarpis","tag-lankytoju","tag-magiskos","tag-minios","tag-sostineje","tag-sventinis","tag-tarptautinis"],"aioseo_notices":[],"_links":{"self":[{"href":"https:\/\/paskutinenaujiena.lt\/index.php\/wp-json\/wp\/v2\/posts\/1678","targetHints":{"allow":["GET"]}}],"collection":[{"href":"https:\/\/paskutinenaujiena.lt\/index.php\/wp-json\/wp\/v2\/posts"}],"about":[{"href":"https:\/\/paskutinenaujiena.lt\/index.php\/wp-json\/wp\/v2\/types\/post"}],"author":[{"embeddable":true,"href":"https:\/\/paskutinenaujiena.lt\/index.php\/wp-json\/wp\/v2\/users\/1"}],"replies":[{"embeddable":true,"href":"https:\/\/paskutinenaujiena.lt\/index.php\/wp-json\/wp\/v2\/comments?post=1678"}],"version-history":[{"count":0,"href":"https:\/\/paskutinenaujiena.lt\/index.php\/wp-json\/wp\/v2\/posts\/1678\/revisions"}],"wp:featuredmedia":[{"embeddable":true,"href":"https:\/\/paskutinenaujiena.lt\/index.php\/wp-json\/wp\/v2\/media\/1679"}],"wp:attachment":[{"href":"https:\/\/paskutinenaujiena.lt\/index.php\/wp-json\/wp\/v2\/media?parent=1678"}],"wp:term":[{"taxonomy":"category","embeddable":true,"href":"https:\/\/paskutinenaujiena.lt\/index.php\/wp-json\/wp\/v2\/categories?post=1678"},{"taxonomy":"post_tag","embeddable":true,"href":"https:\/\/paskutinenaujiena.lt\/index.php\/wp-json\/wp\/v2\/tags?post=1678"}],"curies":[{"name":"wp","href":"https:\/\/api.w.org\/{rel}","templated":true}]}}